{"id":3770,"date":"2020-10-19T11:59:52","date_gmt":"2020-10-19T16:59:52","guid":{"rendered":"http:\/\/derechosinfronteras.pe\/?p=6797"},"modified":"2023-12-28T20:31:52","modified_gmt":"2023-12-29T01:31:52","slug":"kausachun-warmikuna-una-radionovela-en-quechua-que-cuenta-la-lucha-de-las-mujeres-en-tiempos-de-pandemia","status":"publish","type":"post","link":"https:\/\/derechosinfronteras.pe\/ingles\/kausachun-warmikuna-una-radionovela-en-quechua-que-cuenta-la-lucha-de-las-mujeres-en-tiempos-de-pandemia\/","title":{"rendered":"Kausachun Warmikuna: una radionovela en quechua que cuenta la lucha de las mujeres en tiempos de pandemia"},"content":{"rendered":"<p>Redacci\u00f3n DHSF<\/p>\n<p>Kausachun Warmikuna es el nombre de la nueva producci\u00f3n de Derechos Humanos Sin Fronteras adaptada al idioma quechua y al castellano para contar la lucha de las mujeres de las zonas altoandinas en tiempos de pandemia del COVID-19.<\/p>\n<p>La radionovela consta de cuatro cap\u00edtulos y empieza a difundirse desde hoy en las radios locales de las provincias de Chumbivilcas, Espinar y Paruro.<\/p>\n<p>La historia tiene como protagonistas a Sandra, Mar\u00eda, Rosa y Juana, quienes pertenecen a la \u00fanica organizaci\u00f3n social de mujeres Kausachun Warmikuna y tienen que elegir a su nueva junta directiva. El contagio de varias socias con el coronavirus retrasa las actividades de incidencia sobre la igualdad entre hombres y mujeres y el empoderamiento femenino, las cuales est\u00e1n programadas para las pr\u00f3ximas semanas. Ahora las cuatro mujeres deben lidiar con este problema y con una sociedad patriarcal.<\/p>\n<p>Las tem\u00e1ticas que se abordan en esta producci\u00f3n son el liderazgo, la igualdad de oportunidades, la violencia de g\u00e9nero y el autocuidado.<\/p>\n<p>Derechos Humanos Sin Fronteras con la colaboraci\u00f3n de Red Muqui, Misereor, Broederlijk Delen y Cafod busca sensibilizar a trav\u00e9s de la radionovela de una manera entretenida, pues se mezcla la palabra, la m\u00fasica, los efectos sonoros y el silencio en este relato.<\/p>\n<p>Promover la igualdad de g\u00e9nero y el empoderamiento de la mujer y de las ni\u00f1as es un compromiso asumido por el gobierno peruano en el marco de los Objetivos de Desarrollo Sostenible, espec\u00edficamente en el quinto objetivo (lograr la igualdad entre los g\u00e9neros y empoderar a todas las mujeres y las ni\u00f1as). El papel de la sociedad civil tambi\u00e9n es fundamental en la construcci\u00f3n de un mundo m\u00e1s justo, pac\u00edfico, sostenible e igualitario para todas y todos. Por lo tanto, nuestra instituci\u00f3n tambi\u00e9n se suma a la lucha por la igualdad y ratifica su compromiso por la defensa de los derechos fundamentales de las mujeres.<\/p>\n<p>AQU\u00cd puedes descargar la cartilla que acompa\u00f1a a la radionovela Kausachun Warmikuna.<\/p>\n<p>El horario de transmisi\u00f3n en las radios locales es el siguiente:<\/p>\n<p><strong>Espinar<\/strong><\/p>\n<p>Radio Laramani 890 AM: 6:55 a.m., 12:30 p.m., 1:55 p.m., 5:00 p.m. y 5:40 p.m.<\/p>\n<p><strong>Santo Tom\u00e1s y Velille, provincia de Chumbivilcas<\/strong><\/p>\n<p>Radio Santo Tom\u00e1s 105.3 FM y radio Velille 94.5 FM: 8:20 a.m., 11:00 a.m., 2:00 p.m., 4:00 p.m. y 5:30 p.m.<\/p>\n<p><strong>Chamaca, provincia de Chumbivilcas<\/strong><\/p>\n<p>Radio Kalikanto 98.1 FM &#8211; 1600 AM: 8:05 a.m., 12:00 p.m, 7:00 p.m.<\/p>\n<p><strong>Accha, provincia de Paruro<\/strong><\/p>\n<p>Radio\u00a0Sihuina Exitosa 96.1 FM: 8:00 a.m., 12:30 p.m., 5:00 p.m.<\/p>\n<p><strong>Omacha, provincia de Paruro<\/strong><\/p>\n<p>Radio municipal: por definir<\/p>","protected":false},"excerpt":{"rendered":"<p>Redacci\u00f3n DHSF Kausachun Warmikuna es el nombre de la nueva producci\u00f3n de Derechos Humanos Sin Fronteras adaptada al idioma quechua y al castellano para contar la lucha de las mujeres de las zonas altoandinas en tiempos de pandemia del COVID-19. La radionovela consta de cuatro cap\u00edtulos y empieza a difundirse desde hoy en las radios [&hellip;]<\/p>\n","protected":false},"author":1,"featured_media":3771,"comment_status":"open","ping_status":"open","sticky":false,"template":"","format":"standard","meta":{"_monsterinsights_skip_tracking":false,"_monsterinsights_sitenote_active":false,"_monsterinsights_sitenote_note":"","_monsterinsights_sitenote_category":0,"_jetpack_memberships_contains_paid_content":false,"footnotes":"","jetpack_publicize_message":"","jetpack_publicize_feature_enabled":true,"jetpack_social_post_already_shared":false,"jetpack_social_options":{"image_generator_settings":{"template":"highway","default_image_id":0,"font":"","enabled":false},"version":2}},"categories":[1],"tags":[],"class_list":["post-3770","post","type-post","status-publish","format-standard","has-post-thumbnail","hentry","category-sin-categoria"],"blocksy_meta":[],"jetpack_publicize_connections":[],"jetpack_featured_media_url":"https:\/\/derechosinfronteras.pe\/wp-content\/uploads\/2020\/10\/nota-de-la-radionovela.jpg","jetpack_sharing_enabled":true,"jetpack_likes_enabled":true,"_links":{"self":[{"href":"https:\/\/derechosinfronteras.pe\/ingles\/wp-json\/wp\/v2\/posts\/3770","targetHints":{"allow":["GET"]}}],"collection":[{"href":"https:\/\/derechosinfronteras.pe\/ingles\/wp-json\/wp\/v2\/posts"}],"about":[{"href":"https:\/\/derechosinfronteras.pe\/ingles\/wp-json\/wp\/v2\/types\/post"}],"author":[{"embeddable":true,"href":"https:\/\/derechosinfronteras.pe\/ingles\/wp-json\/wp\/v2\/users\/1"}],"replies":[{"embeddable":true,"href":"https:\/\/derechosinfronteras.pe\/ingles\/wp-json\/wp\/v2\/comments?post=3770"}],"version-history":[{"count":1,"href":"https:\/\/derechosinfronteras.pe\/ingles\/wp-json\/wp\/v2\/posts\/3770\/revisions"}],"predecessor-version":[{"id":7030,"href":"https:\/\/derechosinfronteras.pe\/ingles\/wp-json\/wp\/v2\/posts\/3770\/revisions\/7030"}],"wp:featuredmedia":[{"embeddable":true,"href":"https:\/\/derechosinfronteras.pe\/ingles\/wp-json\/wp\/v2\/media\/3771"}],"wp:attachment":[{"href":"https:\/\/derechosinfronteras.pe\/ingles\/wp-json\/wp\/v2\/media?parent=3770"}],"wp:term":[{"taxonomy":"category","embeddable":true,"href":"https:\/\/derechosinfronteras.pe\/ingles\/wp-json\/wp\/v2\/categories?post=3770"},{"taxonomy":"post_tag","embeddable":true,"href":"https:\/\/derechosinfronteras.pe\/ingles\/wp-json\/wp\/v2\/tags?post=3770"}],"curies":[{"name":"wp","href":"https:\/\/api.w.org\/{rel}","templated":true}]}}