{"id":3774,"date":"2020-10-15T13:06:11","date_gmt":"2020-10-15T18:06:11","guid":{"rendered":"http:\/\/derechosinfronteras.pe\/?p=6789"},"modified":"2020-10-15T13:06:11","modified_gmt":"2020-10-15T18:06:11","slug":"cecilia-paniura-tras-sentencia-que-prohibe-la-emision-de-la-paisana-jacinta-se-hizo-justicia","status":"publish","type":"post","link":"https:\/\/derechosinfronteras.pe\/ingles\/cecilia-paniura-tras-sentencia-que-prohibe-la-emision-de-la-paisana-jacinta-se-hizo-justicia\/","title":{"rendered":"Cecilia Paniura tras sentencia que proh\u00edbe la emisi\u00f3n de \u201cLa Paisana Jacinta\u201d: \u201cSe hizo justicia\u201d"},"content":{"rendered":"<p>Redacci\u00f3n DHSF<\/p>\n<p>Tras 6 a\u00f1os de una larga batalla legal, la Sala Superior Civil de Cusco ratific\u00f3 la resoluci\u00f3n que proh\u00edbe la emisi\u00f3n del programa La Paisana Jacinta, personaje interpretado por el c\u00f3mico Jorge Benavides.<\/p>\n<p>La sentencia es definitiva y ordena que tanto Jorge Benavides como Frecuencia Latina se abstengan de vulnerar los derechos a la dignidad humana, igualdad y no discriminaci\u00f3n, al honor y la buena reputaci\u00f3n y a la identidad \u00e9tnica y cultural de las mujeres andinas a trav\u00e9s de la propalaci\u00f3n de dicho programa y otros similares.<\/p>\n<p>Desde que se conoci\u00f3 la noticia del fallo judicial, las redes sociales se han inundado de mensajes a favor y en contra. Sin embargo, para Cecilia Paniura Medina, quien en el 2014 inici\u00f3 este proceso de amparo junto con Rosa Isabel Supho Ccallo, Irene Martha Quispe Taboada y Rosalinda Torres Morante, la sentencia es un acto de justicia.<\/p>\n<p>\u201cEstamos muy contentas. Hemos luchado en Cusco y en todo el pa\u00eds para que nos escuchen las autoridades. Las mujeres andinas, campesinas e ind\u00edgenas no somos como la Paisana Jacinta\u201d, precis\u00f3 la lideresa.<\/p>\n<p>Las declaraciones de Paniura se basan en que la Paisana Jacinta presenta a la mujer ind\u00edgena andina como sucia, sin dientes, vulgar, grosera, con nula capacidad intelectual y torpe; por lo que, dicho personaje denigra y discrimina a la mujer peruana.<\/p>\n<p>\u201cSe habla mucho de la discriminaci\u00f3n y violencia en nuestro pa\u00eds; sin embargo, de ese se\u00f1or Jorge Benavides solo recibimos racismo, discriminaci\u00f3n y violencia. Ni en plena pandemia dej\u00f3 de hacer ese teatro. No queremos que vuelva m\u00e1s ese programa\u201d, expres\u00f3 rotundamente.<\/p>\n<p>Seguidamente, Cecilia Paniura apel\u00f3 a la conciencia de los y las peruanas para que dejen de consumir programas de entretenimiento que normalizan y perpet\u00faan el racismo, discriminaci\u00f3n y la violencia hacia las mujeres.<\/p>\n<p>\u201cYo no s\u00e9 por qu\u00e9 las personas se r\u00eden al ver ese programa (de la Paisana Jacinta). No hace nada bien a la sociedad. No m\u00e1s programas de este tipo en nuestro pa\u00eds. Per\u00fa tiene cultura y tradiciones, eso deber\u00eda mostrarse en televisi\u00f3n. No tenemos por qu\u00e9 aceptar ese tipo de actores (como Jorge Benavides) en plena pandemia\u201d, consider\u00f3.<\/p>\n<p>Finalmente, la lideresa advirti\u00f3 que se mantendr\u00e1 vigilante para que el personaje de Jorge Benavides no se difunda tampoco en las redes sociales y la plataforma Youtube.<\/p>\n<p>DATOS IMPORTANTES<\/p>\n<p>Vale precisar que la resoluci\u00f3n de la Sala Superior Civil de Cusco tambi\u00e9n recomienda al Ministerio de Transporte y Comunicaciones, Ministerio de Cultura, Ministerio de la Mujer y Poblaciones Vulnerables y Ministerio de Justicia y Derechos Humanos afianzar sus pol\u00edticas en general y medidas de control para la protecci\u00f3n de la dignidad humana, igualdad y no discriminaci\u00f3n.<\/p>\n<p>Tambi\u00e9n la sentencia ordena que los ministerios mencionados, y cualquier otra entidad del Estado que tenga por objeto la protecci\u00f3n de los derechos fundamentales, cumplan con las recomendaciones realizadas por el Comit\u00e9 para la Eliminaci\u00f3n de la Discriminaci\u00f3n Racial.<\/p>\n<p>Asimismo, entre otras medidas, se pide que se acelere la elaboraci\u00f3n y aprobaci\u00f3n del c\u00f3digo de deontolog\u00eda para los medios de comunicaci\u00f3n y se realicen campa\u00f1as de sensibilizaci\u00f3n y educaci\u00f3n.<\/p>","protected":false},"excerpt":{"rendered":"<p>Redacci\u00f3n DHSF Tras 6 a\u00f1os de una larga batalla legal, la Sala Superior Civil de Cusco ratific\u00f3 la resoluci\u00f3n que proh\u00edbe la emisi\u00f3n del programa La Paisana Jacinta, personaje interpretado por el c\u00f3mico Jorge Benavides. La sentencia es definitiva y ordena que tanto Jorge Benavides como Frecuencia Latina se abstengan de vulnerar los derechos a [&hellip;]<\/p>\n","protected":false},"author":1,"featured_media":3775,"comment_status":"open","ping_status":"open","sticky":false,"template":"","format":"standard","meta":{"_monsterinsights_skip_tracking":false,"_monsterinsights_sitenote_active":false,"_monsterinsights_sitenote_note":"","_monsterinsights_sitenote_category":0,"_jetpack_memberships_contains_paid_content":false,"footnotes":"","jetpack_publicize_message":"","jetpack_publicize_feature_enabled":true,"jetpack_social_post_already_shared":false,"jetpack_social_options":{"image_generator_settings":{"template":"highway","default_image_id":0,"font":"","enabled":false},"version":2}},"categories":[1],"tags":[],"class_list":["post-3774","post","type-post","status-publish","format-standard","has-post-thumbnail","hentry","category-sin-categoria"],"blocksy_meta":[],"jetpack_publicize_connections":[],"jetpack_featured_media_url":"https:\/\/derechosinfronteras.pe\/wp-content\/uploads\/2020\/10\/nota-cecilia-fallo.jpg","jetpack_sharing_enabled":true,"jetpack_likes_enabled":true,"_links":{"self":[{"href":"https:\/\/derechosinfronteras.pe\/ingles\/wp-json\/wp\/v2\/posts\/3774","targetHints":{"allow":["GET"]}}],"collection":[{"href":"https:\/\/derechosinfronteras.pe\/ingles\/wp-json\/wp\/v2\/posts"}],"about":[{"href":"https:\/\/derechosinfronteras.pe\/ingles\/wp-json\/wp\/v2\/types\/post"}],"author":[{"embeddable":true,"href":"https:\/\/derechosinfronteras.pe\/ingles\/wp-json\/wp\/v2\/users\/1"}],"replies":[{"embeddable":true,"href":"https:\/\/derechosinfronteras.pe\/ingles\/wp-json\/wp\/v2\/comments?post=3774"}],"version-history":[{"count":0,"href":"https:\/\/derechosinfronteras.pe\/ingles\/wp-json\/wp\/v2\/posts\/3774\/revisions"}],"wp:featuredmedia":[{"embeddable":true,"href":"https:\/\/derechosinfronteras.pe\/ingles\/wp-json\/wp\/v2\/media\/3775"}],"wp:attachment":[{"href":"https:\/\/derechosinfronteras.pe\/ingles\/wp-json\/wp\/v2\/media?parent=3774"}],"wp:term":[{"taxonomy":"category","embeddable":true,"href":"https:\/\/derechosinfronteras.pe\/ingles\/wp-json\/wp\/v2\/categories?post=3774"},{"taxonomy":"post_tag","embeddable":true,"href":"https:\/\/derechosinfronteras.pe\/ingles\/wp-json\/wp\/v2\/tags?post=3774"}],"curies":[{"name":"wp","href":"https:\/\/api.w.org\/{rel}","templated":true}]}}