{"id":3778,"date":"2020-10-10T10:53:29","date_gmt":"2020-10-10T15:53:29","guid":{"rendered":"http:\/\/derechosinfronteras.pe\/?p=6773"},"modified":"2020-10-10T10:53:29","modified_gmt":"2020-10-10T15:53:29","slug":"la-lucha-contra-el-incendio-forestal-en-los-sectores-de-quesermayo-y-tipon-continua","status":"publish","type":"post","link":"https:\/\/derechosinfronteras.pe\/ingles\/la-lucha-contra-el-incendio-forestal-en-los-sectores-de-quesermayo-y-tipon-continua\/","title":{"rendered":"LA LUCHA CONTRA EL INCENDIO FORESTAL EN LOS SECTORES DE QUESERMAYO Y TIP\u00d3N, CONTIN\u00daA"},"content":{"rendered":"<p><span style=\"font-weight: 400;\">\u00a0Redacci\u00f3n: DHSF<\/span><\/p>\n<p><span style=\"font-weight: 400;\">Con ayuda de los voluntarios, bomberos, brigadistas, La Polic\u00eda Nacional, comuneros de la zona,\u00a0 Fuerzas A\u00e9rea y Fuerzas Armadas,\u00a0 se sigue ayudando a controlar el incendio que se origin\u00f3 aproximadamente a mediod\u00eda del jueves 9 de octubre en la parte alta de Yuncaypata, Tambomachay.\u00a0\u00a0<\/span><\/p>\n<p><span style=\"font-weight: 400;\">El origen habr\u00eda sido la quema de pastizales por comuneros del sector de Quesermayo, habi\u00e9ndose consumido, seg\u00fan la alcaldesa Romi Infantas Soto,\u00a0 aproximadamente 105 hect\u00e1reas; el 8 de octubre\u00a0 y\u00a0 alrededor de 710 hect\u00e1reas el d\u00eda de ayer. Tambi\u00e9n se registraron p\u00e9rdidas de fauna y flora silvestre,\u00a0 pastizales, bosques naturales, y bosques de eucaliptos. No hay vidas, ni viviendas comprometidas.<\/span><\/p>\n<p><span style=\"font-weight: 400;\">El\u00a0 incendio a\u00fan no ha\u00a0 sido controlado, el viento, hizo que el siniestro se expanda hasta el Abra de Ccorao, y el sector m\u00e1s afectado, hasta el momento, es\u00a0 Quesermayo que colinda con el distrito de Chinchero.<\/span><\/p>\n<p><span style=\"font-weight: 400;\">Por otro lado, es importante visibilizar la labor de los y las\u00a0 voluntarias. Un grupo de ciudadanos Cusque\u00f1os, en su mayor\u00eda j\u00f3venes, con nombres, pero\u00a0 sin tintes pol\u00edticos y sin etiquetas , que se organizaron para realizar colectas y recibir donaciones; Bidones de Agua, V\u00edveres, alimentos no perecibles, alimentos de primera necesidad, entre otros.\u00a0<\/span><\/p>\n<p><span style=\"font-weight: 400;\">\u201cHoy se est\u00e1 haciendo una colecta desde las 7 de la ma\u00f1ana en la plaza tupac Amaru, el dia de hoy se van a sumar m\u00e1s voluntarios para llevar toda las donaciones recaudadas para los bomberos, los\u00a0 del ej\u00e9rcito , y para los comuneros\u201d fueron palabras de la Voluntaria Marcia Sumalave.\u00a0<\/span><\/p>\n<p><span style=\"font-weight: 400;\">A estas alturas, tambi\u00e9n se registr\u00f3 un incendio en la zona de tip\u00f3n. Mientras tanto, Con ayuda a\u00e9rea y terrestre, personal de COER, Compa\u00f1\u00eda de Bomberos de San Jer\u00f3nimo, San Sebasti\u00e1n y Cusco, PNP, La Quinta Brigada de Monta\u00f1a, El Ej\u00e9rcito Peruano, la Fuerza A\u00e9rea Peruana, Direcci\u00f3n de Cultura, comuneros y voluntarios siguen apoyando para mitigar estos incendio en circunstancias de la crisis por la COVID- 19.<\/span><\/p>","protected":false},"excerpt":{"rendered":"<p>\u00a0Redacci\u00f3n: DHSF Con ayuda de los voluntarios, bomberos, brigadistas, La Polic\u00eda Nacional, comuneros de la zona,\u00a0 Fuerzas A\u00e9rea y Fuerzas Armadas,\u00a0 se sigue ayudando a controlar el incendio que se origin\u00f3 aproximadamente a mediod\u00eda del jueves 9 de octubre en la parte alta de Yuncaypata, Tambomachay.\u00a0\u00a0 El origen habr\u00eda sido la quema de pastizales por [&hellip;]<\/p>\n","protected":false},"author":1,"featured_media":3779,"comment_status":"open","ping_status":"open","sticky":false,"template":"","format":"standard","meta":{"_monsterinsights_skip_tracking":false,"_monsterinsights_sitenote_active":false,"_monsterinsights_sitenote_note":"","_monsterinsights_sitenote_category":0,"_jetpack_memberships_contains_paid_content":false,"footnotes":"","jetpack_publicize_message":"","jetpack_publicize_feature_enabled":true,"jetpack_social_post_already_shared":false,"jetpack_social_options":{"image_generator_settings":{"template":"highway","default_image_id":0,"font":"","enabled":false},"version":2}},"categories":[1],"tags":[],"class_list":["post-3778","post","type-post","status-publish","format-standard","has-post-thumbnail","hentry","category-sin-categoria"],"blocksy_meta":[],"jetpack_publicize_connections":[],"jetpack_featured_media_url":"https:\/\/derechosinfronteras.pe\/wp-content\/uploads\/2020\/10\/sigue-la-lucA.jpg","jetpack_sharing_enabled":true,"jetpack_likes_enabled":true,"_links":{"self":[{"href":"https:\/\/derechosinfronteras.pe\/ingles\/wp-json\/wp\/v2\/posts\/3778","targetHints":{"allow":["GET"]}}],"collection":[{"href":"https:\/\/derechosinfronteras.pe\/ingles\/wp-json\/wp\/v2\/posts"}],"about":[{"href":"https:\/\/derechosinfronteras.pe\/ingles\/wp-json\/wp\/v2\/types\/post"}],"author":[{"embeddable":true,"href":"https:\/\/derechosinfronteras.pe\/ingles\/wp-json\/wp\/v2\/users\/1"}],"replies":[{"embeddable":true,"href":"https:\/\/derechosinfronteras.pe\/ingles\/wp-json\/wp\/v2\/comments?post=3778"}],"version-history":[{"count":0,"href":"https:\/\/derechosinfronteras.pe\/ingles\/wp-json\/wp\/v2\/posts\/3778\/revisions"}],"wp:featuredmedia":[{"embeddable":true,"href":"https:\/\/derechosinfronteras.pe\/ingles\/wp-json\/wp\/v2\/media\/3779"}],"wp:attachment":[{"href":"https:\/\/derechosinfronteras.pe\/ingles\/wp-json\/wp\/v2\/media?parent=3778"}],"wp:term":[{"taxonomy":"category","embeddable":true,"href":"https:\/\/derechosinfronteras.pe\/ingles\/wp-json\/wp\/v2\/categories?post=3778"},{"taxonomy":"post_tag","embeddable":true,"href":"https:\/\/derechosinfronteras.pe\/ingles\/wp-json\/wp\/v2\/tags?post=3778"}],"curies":[{"name":"wp","href":"https:\/\/api.w.org\/{rel}","templated":true}]}}