{"id":3780,"date":"2020-10-09T15:13:40","date_gmt":"2020-10-09T20:13:40","guid":{"rendered":"http:\/\/derechosinfronteras.pe\/?p=6763"},"modified":"2020-10-09T15:13:40","modified_gmt":"2020-10-09T20:13:40","slug":"mediante-oficio-multiple-el-gore-cusco-convoca-a-autoridades-de-chumbivilcas-y-espinar-con-el-fin-de-continuar-mesa-de-dialogo","status":"publish","type":"post","link":"https:\/\/derechosinfronteras.pe\/ingles\/mediante-oficio-multiple-el-gore-cusco-convoca-a-autoridades-de-chumbivilcas-y-espinar-con-el-fin-de-continuar-mesa-de-dialogo\/","title":{"rendered":"MEDIANTE OFICIO M\u00daLTIPLE, EL GORE CUSCO CONVOCA A AUTORIDADES DE CHUMBIVILCAS Y ESPINAR CON EL FIN DE CONTINUAR MESA DE DI\u00c1LOGO"},"content":{"rendered":"<p>Redacci\u00f3n DHSF<\/p>\n<p><span style=\"font-weight: 400;\">El gobierno Regional convoca a una mesa de di\u00e1logo presencial, el lunes 12 de octubre, a las 10.00 horas , en el auditorio\u00a0de su local principal en la ciudad de Cusco. Para tal fin,\u00a0 se invit\u00f3 a distintas autoridades de las provincias del Corredor Minero (Espinar y\u00a0 Chumbivilcas).<\/span><\/p>\n<p><span style=\"font-weight: 400;\">Retomar\u00a0 el an\u00e1lisis de la vialidad de la clasificaci\u00f3n de la ruta del corredor minero cusco, Chumbivilcas\u00a0 y discutir las posibilidades de implementaci\u00f3n del Fondo Social de desarrollo para las comunidades del corredor minero Cusco Chumbivilcas,\u00a0 ser\u00e1n los temas de la agenda\u00a0 de la reuni\u00f3n\u00a0 convocada\u00a0 por el Gobierno Regional del Cusco a trav\u00e9s de la Gobernatura Regional.<\/span><\/p>\n<p><span style=\"font-weight: 400;\">Mediante oficio m\u00faltiple,\u00a0 con referencia de la Resoluci\u00f3n Ministerial N\u00b0 372-2018 MTC\/01.02,\u00a0 se convoc\u00f3 a la mesa de di\u00e1logo a distintas\u00a0 autoridades, entre ellos se encuentran;\u00a0 Los presidentes de la Comunidad Campesina del Corredor Minero de Chumbivilcas, Presidente del Frente Espinar, Presidente Residente Cusco Chumbivilcas, \u00a0 Presidente del Comit\u00e9 de Lucha de la Provincia de Espinar,\u00a0 Presidente del C.C. Urinsawa Espinar,\u00a0 autoridades de los distritos de Chumbivilcas y Espinar, entre otros.<\/span><\/p>\n<p><span style=\"font-weight: 400;\">Del mismo modo, debido al contexto de la Covid- 19, se tomar\u00e1n en cuenta las condiciones de aforo. Mientras que\u00a0 las autoridades convocadas podr\u00e1n participar de la reuni\u00f3n presentando\u00a0 el oficio remitido con fecha 05 de octubre del 2020.<\/span><\/p>\n<p><img fetchpriority=\"high\" decoding=\"async\" class=\"alignnone size-large wp-image-6765\" src=\"http:\/\/derechosinfronteras.pe\/wp-content\/uploads\/2020\/10\/PDF-OFICIO-MULTIPLE-NRO-073-2020-GR.-CUSCO-GR_page-0018-724x1024.jpg\" alt=\"\" width=\"724\" height=\"1024\" \/><\/p>","protected":false},"excerpt":{"rendered":"<p>Redacci\u00f3n DHSF El gobierno Regional convoca a una mesa de di\u00e1logo presencial, el lunes 12 de octubre, a las 10.00 horas , en el auditorio\u00a0de su local principal en la ciudad de Cusco. Para tal fin,\u00a0 se invit\u00f3 a distintas autoridades de las provincias del Corredor Minero (Espinar y\u00a0 Chumbivilcas). Retomar\u00a0 el an\u00e1lisis de la [&hellip;]<\/p>\n","protected":false},"author":1,"featured_media":3781,"comment_status":"open","ping_status":"open","sticky":false,"template":"","format":"standard","meta":{"_monsterinsights_skip_tracking":false,"_monsterinsights_sitenote_active":false,"_monsterinsights_sitenote_note":"","_monsterinsights_sitenote_category":0,"_jetpack_memberships_contains_paid_content":false,"footnotes":"","jetpack_publicize_message":"","jetpack_publicize_feature_enabled":true,"jetpack_social_post_already_shared":false,"jetpack_social_options":{"image_generator_settings":{"template":"highway","default_image_id":0,"font":"","enabled":false},"version":2}},"categories":[1],"tags":[],"class_list":["post-3780","post","type-post","status-publish","format-standard","has-post-thumbnail","hentry","category-sin-categoria"],"blocksy_meta":[],"jetpack_publicize_connections":[],"jetpack_featured_media_url":"https:\/\/derechosinfronteras.pe\/wp-content\/uploads\/2020\/10\/YATA.png","jetpack_sharing_enabled":true,"jetpack_likes_enabled":true,"_links":{"self":[{"href":"https:\/\/derechosinfronteras.pe\/ingles\/wp-json\/wp\/v2\/posts\/3780","targetHints":{"allow":["GET"]}}],"collection":[{"href":"https:\/\/derechosinfronteras.pe\/ingles\/wp-json\/wp\/v2\/posts"}],"about":[{"href":"https:\/\/derechosinfronteras.pe\/ingles\/wp-json\/wp\/v2\/types\/post"}],"author":[{"embeddable":true,"href":"https:\/\/derechosinfronteras.pe\/ingles\/wp-json\/wp\/v2\/users\/1"}],"replies":[{"embeddable":true,"href":"https:\/\/derechosinfronteras.pe\/ingles\/wp-json\/wp\/v2\/comments?post=3780"}],"version-history":[{"count":0,"href":"https:\/\/derechosinfronteras.pe\/ingles\/wp-json\/wp\/v2\/posts\/3780\/revisions"}],"wp:featuredmedia":[{"embeddable":true,"href":"https:\/\/derechosinfronteras.pe\/ingles\/wp-json\/wp\/v2\/media\/3781"}],"wp:attachment":[{"href":"https:\/\/derechosinfronteras.pe\/ingles\/wp-json\/wp\/v2\/media?parent=3780"}],"wp:term":[{"taxonomy":"category","embeddable":true,"href":"https:\/\/derechosinfronteras.pe\/ingles\/wp-json\/wp\/v2\/categories?post=3780"},{"taxonomy":"post_tag","embeddable":true,"href":"https:\/\/derechosinfronteras.pe\/ingles\/wp-json\/wp\/v2\/tags?post=3780"}],"curies":[{"name":"wp","href":"https:\/\/api.w.org\/{rel}","templated":true}]}}