{"id":3782,"date":"2020-10-08T19:16:00","date_gmt":"2020-10-09T00:16:00","guid":{"rendered":"http:\/\/derechosinfronteras.pe\/?p=6759"},"modified":"2020-10-08T19:16:00","modified_gmt":"2020-10-09T00:16:00","slug":"caso-espinar-se-reprograma-audiencia-de-reinicio-de-juicio-oral","status":"publish","type":"post","link":"https:\/\/derechosinfronteras.pe\/ingles\/caso-espinar-se-reprograma-audiencia-de-reinicio-de-juicio-oral\/","title":{"rendered":"CASO ESPINAR: SE REPROGRAMA AUDIENCIA DE REINICIO DE JUICIO ORAL"},"content":{"rendered":"<p>Redacci\u00f3n DHSF<\/p>\n<p>Pese a haber sido postergada desde marzo de este a\u00f1o, la audiencia\u00a0 de reinicio del juicio oral contra el ex alcalde y los dirigentes de Espinar programada para hoy,\u00a0 fue nuevamente suspendida. Esto debido a\u00a0un error de notificaci\u00f3n a los testigos citados para la audiencia programada.<\/p>\n<p>Con la presencia virtual los acusados y su defensa legal, se dio inicio a la audiencia programada a las 12:00 PM\u00a0\u00a0en la sala N.\u00ba 02 del M\u00f3dulo penal de Ica, que adem\u00e1s cont\u00f3 cont\u00f3 con la participaci\u00f3n de la representante de la fiscal\u00eda y representantes de la Procuradur\u00eda P\u00fablica Especializada en Delitos Contra el Orden P\u00fablico del Ministerio del Interior.<\/p>\n<p>Como se recuerda, los cargos a los que est\u00e1n expuestos el ex alcalde, Oscar Mollohuanca y los ex dirigentes del Frente de Defensa de los Interes de Espinar (FUDIE), Sergio Huamani Hilario y Herbert Huam\u00e1n Llave, contin\u00faan llevando el proceso desde el 2012, bajo los cargos de disturbios y fabricaci\u00f3n, tenencia ilegal de armas o materiales peligrosos por los hechos registrados en las protestas de aquel a\u00f1o.<\/p>\n<p>Luego de unos minutos de iniciada la audiencia, y confirmado el error de citaci\u00f3n de los testigos, se notific\u00f3 que el juicio oral continuar\u00e1 el d\u00eda 20 de octubre de 2020 a las 9:00 pm con las debidas notificaciones a todos los implicados. El juicio continuar\u00e1 su proceso de manera virtual.<\/p>\n<p>&nbsp;<\/p>","protected":false},"excerpt":{"rendered":"<p>Redacci\u00f3n DHSF Pese a haber sido postergada desde marzo de este a\u00f1o, la audiencia\u00a0 de reinicio del juicio oral contra el ex alcalde y los dirigentes de Espinar programada para hoy,\u00a0 fue nuevamente suspendida. Esto debido a\u00a0un error de notificaci\u00f3n a los testigos citados para la audiencia programada. Con la presencia virtual los acusados y [&hellip;]<\/p>\n","protected":false},"author":1,"featured_media":3783,"comment_status":"open","ping_status":"open","sticky":false,"template":"","format":"standard","meta":{"_monsterinsights_skip_tracking":false,"_monsterinsights_sitenote_active":false,"_monsterinsights_sitenote_note":"","_monsterinsights_sitenote_category":0,"_jetpack_memberships_contains_paid_content":false,"footnotes":"","jetpack_publicize_message":"","jetpack_publicize_feature_enabled":true,"jetpack_social_post_already_shared":false,"jetpack_social_options":{"image_generator_settings":{"template":"highway","default_image_id":0,"font":"","enabled":false},"version":2}},"categories":[1],"tags":[],"class_list":["post-3782","post","type-post","status-publish","format-standard","has-post-thumbnail","hentry","category-sin-categoria"],"blocksy_meta":[],"jetpack_publicize_connections":[],"jetpack_featured_media_url":"https:\/\/derechosinfronteras.pe\/wp-content\/uploads\/2020\/10\/plantilla-notas-web-copia-2.jpg","jetpack_sharing_enabled":true,"jetpack_likes_enabled":true,"_links":{"self":[{"href":"https:\/\/derechosinfronteras.pe\/ingles\/wp-json\/wp\/v2\/posts\/3782","targetHints":{"allow":["GET"]}}],"collection":[{"href":"https:\/\/derechosinfronteras.pe\/ingles\/wp-json\/wp\/v2\/posts"}],"about":[{"href":"https:\/\/derechosinfronteras.pe\/ingles\/wp-json\/wp\/v2\/types\/post"}],"author":[{"embeddable":true,"href":"https:\/\/derechosinfronteras.pe\/ingles\/wp-json\/wp\/v2\/users\/1"}],"replies":[{"embeddable":true,"href":"https:\/\/derechosinfronteras.pe\/ingles\/wp-json\/wp\/v2\/comments?post=3782"}],"version-history":[{"count":0,"href":"https:\/\/derechosinfronteras.pe\/ingles\/wp-json\/wp\/v2\/posts\/3782\/revisions"}],"wp:featuredmedia":[{"embeddable":true,"href":"https:\/\/derechosinfronteras.pe\/ingles\/wp-json\/wp\/v2\/media\/3783"}],"wp:attachment":[{"href":"https:\/\/derechosinfronteras.pe\/ingles\/wp-json\/wp\/v2\/media?parent=3782"}],"wp:term":[{"taxonomy":"category","embeddable":true,"href":"https:\/\/derechosinfronteras.pe\/ingles\/wp-json\/wp\/v2\/categories?post=3782"},{"taxonomy":"post_tag","embeddable":true,"href":"https:\/\/derechosinfronteras.pe\/ingles\/wp-json\/wp\/v2\/tags?post=3782"}],"curies":[{"name":"wp","href":"https:\/\/api.w.org\/{rel}","templated":true}]}}