{"id":3784,"date":"2020-10-08T18:29:16","date_gmt":"2020-10-08T23:29:16","guid":{"rendered":"http:\/\/derechosinfronteras.pe\/?p=6756"},"modified":"2020-10-08T18:29:16","modified_gmt":"2020-10-08T23:29:16","slug":"alcaldes-y-dirigentes-de-la-provincia-de-chumbivilcas-presentan-exigencias-en-el-congreso","status":"publish","type":"post","link":"https:\/\/derechosinfronteras.pe\/ingles\/alcaldes-y-dirigentes-de-la-provincia-de-chumbivilcas-presentan-exigencias-en-el-congreso\/","title":{"rendered":"ALCALDES Y DIRIGENTES DE LA PROVINCIA DE CHUMBIVILCAS PRESENTAN EXIGENCIAS EN EL CONGRESO"},"content":{"rendered":"<p><span style=\"font-weight: 400;\">Redacci\u00f3n DHSF<\/span><\/p>\n<p><span style=\"font-weight: 400;\">Con la firme decisi\u00f3n de emprender una medida de lucha<\/span> <span style=\"font-weight: 400;\">\u00a0si\u00a0 no\u00a0 obten\u00edan respuesta por parte de las autoridades; <\/span><span style=\"font-weight: 400;\">los alcaldes y dirigentes de la provincia de Chumbivilcas se reunieron ayer, 7 de octubre, con\u00a0 la presidenta de la Comisi\u00f3n de Energ\u00eda y<\/span><span style=\"font-weight: 400;\">\u00a0 Minas\u00a0 del congreso Y\u00e9ssica Apaza<\/span><span style=\"font-weight: 400;\">\u00a0 y el\u00a0 congresista Jorge V\u00e1squez.<\/span><\/p>\n<p><span style=\"font-weight: 400;\">En lo manifestado por\u00a0 los dirigente de chumbivilcas, se encuentran: El pedido del cese de la alta comisionada de la mesa t\u00e9cnica de la provincia de chumbivilcas Paola Bustamante <\/span><span style=\"font-weight: 400;\">, la <\/span><span style=\"font-weight: 400;\">firma del convenio marco, el pedido del cambio de la reforma de la ley de miner\u00eda, la\u00a0 consideraci\u00f3n\u00a0 de influencia directa social ambiental de la carretera del corredor minero , y \u00a0 otros aspectos como saneamiento b\u00e1sico , acceso a la educaci\u00f3n ,\u00a0 salud, internet y se\u00f1al de telefon\u00eda m\u00f3vil.\u00a0<\/span><\/p>\n<p><span style=\"font-weight: 400;\">El motivo del pedido de destituci\u00f3n de la alta comisionada de la mesa t\u00e9cnica, en palabras del presidente del frente \u00fanico\u00a0 de Defensa de Chumbivilcas es porque \u201cno tiene una alta capacidad de poder resolver los problemas sociales de la provincia de chumbivilcas,\u00a0 no tiene la capacidad de dar respuestas a los proyectos que tienen los se\u00f1ores alcaldes provinciales y\u00a0 distritales\u201d.<\/span><\/p>\n<p><span style=\"font-weight: 400;\">La provincia Chumbivilcas, alberga a grandes empresas mineras, sin embargo, a\u00fan no se ha\u00a0 firmado el convenio marco. Al respecto, el congresista Jorge Vazquez dijo que \u00a0 \u201ces un tema de fondo y no de forma, porque si no tenemos convenio marco, no hay plata\u201d. Del mismo modo, el congresista se comprometi\u00f3 a\u00a0 solicitar a la bancada de Acci\u00f3n Popular que se le incluya en la comisi\u00f3n de energ\u00eda y minas, mientras que la Presidenta Y\u00e9ssica Apaza manifest\u00f3 que la comisi\u00f3n ya aprob\u00f3 el dictamen sobre los cumplimientos mineros y\u00a0 se comprometi\u00f3 a\u00a0 poner en conocimiento de la comisi\u00f3n\u00a0 la problem\u00e1tica que tiene la provincia.<\/span><\/p>\n<p><span style=\"font-weight: 400;\">Mientras tanto, Chumbivilcas seguir\u00e1 siendo un territorio dedicado a la agricultura, que convive con dos empresas mineras, y que debe lidiar con diversos impactos ambientales como la contaminaci\u00f3n en el r\u00edo Velille, sucedida hace unas semanas.<\/span><\/p>","protected":false},"excerpt":{"rendered":"<p>Redacci\u00f3n DHSF Con la firme decisi\u00f3n de emprender una medida de lucha \u00a0si\u00a0 no\u00a0 obten\u00edan respuesta por parte de las autoridades; los alcaldes y dirigentes de la provincia de Chumbivilcas se reunieron ayer, 7 de octubre, con\u00a0 la presidenta de la Comisi\u00f3n de Energ\u00eda y\u00a0 Minas\u00a0 del congreso Y\u00e9ssica Apaza\u00a0 y el\u00a0 congresista Jorge V\u00e1squez. [&hellip;]<\/p>\n","protected":false},"author":1,"featured_media":3785,"comment_status":"open","ping_status":"open","sticky":false,"template":"","format":"standard","meta":{"_monsterinsights_skip_tracking":false,"_monsterinsights_sitenote_active":false,"_monsterinsights_sitenote_note":"","_monsterinsights_sitenote_category":0,"_jetpack_memberships_contains_paid_content":false,"footnotes":"","jetpack_publicize_message":"","jetpack_publicize_feature_enabled":true,"jetpack_social_post_already_shared":false,"jetpack_social_options":{"image_generator_settings":{"template":"highway","default_image_id":0,"font":"","enabled":false},"version":2}},"categories":[1],"tags":[],"class_list":["post-3784","post","type-post","status-publish","format-standard","has-post-thumbnail","hentry","category-sin-categoria"],"blocksy_meta":[],"jetpack_publicize_connections":[],"jetpack_featured_media_url":"https:\/\/derechosinfronteras.pe\/wp-content\/uploads\/2020\/10\/plantilla-notas-web-copia-1.jpg","jetpack_sharing_enabled":true,"jetpack_likes_enabled":true,"_links":{"self":[{"href":"https:\/\/derechosinfronteras.pe\/ingles\/wp-json\/wp\/v2\/posts\/3784","targetHints":{"allow":["GET"]}}],"collection":[{"href":"https:\/\/derechosinfronteras.pe\/ingles\/wp-json\/wp\/v2\/posts"}],"about":[{"href":"https:\/\/derechosinfronteras.pe\/ingles\/wp-json\/wp\/v2\/types\/post"}],"author":[{"embeddable":true,"href":"https:\/\/derechosinfronteras.pe\/ingles\/wp-json\/wp\/v2\/users\/1"}],"replies":[{"embeddable":true,"href":"https:\/\/derechosinfronteras.pe\/ingles\/wp-json\/wp\/v2\/comments?post=3784"}],"version-history":[{"count":0,"href":"https:\/\/derechosinfronteras.pe\/ingles\/wp-json\/wp\/v2\/posts\/3784\/revisions"}],"wp:featuredmedia":[{"embeddable":true,"href":"https:\/\/derechosinfronteras.pe\/ingles\/wp-json\/wp\/v2\/media\/3785"}],"wp:attachment":[{"href":"https:\/\/derechosinfronteras.pe\/ingles\/wp-json\/wp\/v2\/media?parent=3784"}],"wp:term":[{"taxonomy":"category","embeddable":true,"href":"https:\/\/derechosinfronteras.pe\/ingles\/wp-json\/wp\/v2\/categories?post=3784"},{"taxonomy":"post_tag","embeddable":true,"href":"https:\/\/derechosinfronteras.pe\/ingles\/wp-json\/wp\/v2\/tags?post=3784"}],"curies":[{"name":"wp","href":"https:\/\/api.w.org\/{rel}","templated":true}]}}