{"id":3786,"date":"2020-10-07T16:12:35","date_gmt":"2020-10-07T21:12:35","guid":{"rendered":"http:\/\/derechosinfronteras.pe\/?p=6748"},"modified":"2020-10-07T16:12:35","modified_gmt":"2020-10-07T21:12:35","slug":"se-reinicia-juicio-por-casos-de-criminalizacion-en-espinar-durante-el-conflicto-del-2012","status":"publish","type":"post","link":"https:\/\/derechosinfronteras.pe\/ingles\/se-reinicia-juicio-por-casos-de-criminalizacion-en-espinar-durante-el-conflicto-del-2012\/","title":{"rendered":"SE REINICIA JUICIO POR CASOS DE CRIMINALIZACI\u00d3N EN ESPINAR DURANTE EL CONFLICTO DEL 2012"},"content":{"rendered":"<p>Redacci\u00f3n DHSF<\/p>\n<p>Luego de varios meses de postergaci\u00f3n, ma\u00f1ana 8 de octubre del a\u00f1o en curso, se reiniciar\u00e1 las audiencias del juicio contra al ex alcalde y 2 dirigentes de la provincia de Espinar. Este es un caso de criminalizaci\u00f3n de la protesta que viene siguiendo su curso desde las manifestaciones en dicha provincia cusque\u00f1a realizadas en mayo del 2012 exigiendo al estado mejores condiciones de negociaci\u00f3n ante la empresa minera Xstrata Tintaya (hoy Glencore) y denunciando la contaminaci\u00f3n al medio ambiente que generaban sus actividades extractivas.<\/p>\n<p>La audiencia se dar\u00e1 me manera virtual en la Sala N.\u00ba 02 del M\u00f3dulo Penal de Ica, contra\u00a0Oscar Avelino Mollohuanca Cruz (ex alcalde pronvincial de Espinar), as\u00ed como contra Sergio Huamani Hilario y Herbert Huam\u00e1n Llave (ex dirigentes del Frente de Defensa de los Intereses de Espinar \u2013 FUDIE), todos\u00a0acusados por los delitos de disturbios y fabricaci\u00f3n, suministro o tenencia ilegal de armas o materiales peligrosos por los hechos registrados en las protestas realizadas por la poblaci\u00f3n de Espinar, en el a\u00f1o 2012.<\/p>\n<p>El Juicio Oral estaba programada, inicialmente, para el d\u00eda 24 de marzo de 2020, sin embargo, desde el 16 de marzo, los plazos procesales se encontraban suspendidos por motivo de la emergencia sanitaria promulgada en respuesta al Covid-19. Cabe resaltar que, despu\u00e9s de 8 a\u00f1os, este es el segundo juicio que enfrentan el ex alcalde y los dirigentes sociales, pese a haber sido absueltos en primera instancia del primer juicio iniciado en 2012.<\/p>","protected":false},"excerpt":{"rendered":"<p>Redacci\u00f3n DHSF Luego de varios meses de postergaci\u00f3n, ma\u00f1ana 8 de octubre del a\u00f1o en curso, se reiniciar\u00e1 las audiencias del juicio contra al ex alcalde y 2 dirigentes de la provincia de Espinar. Este es un caso de criminalizaci\u00f3n de la protesta que viene siguiendo su curso desde las manifestaciones en dicha provincia cusque\u00f1a [&hellip;]<\/p>\n","protected":false},"author":1,"featured_media":3787,"comment_status":"open","ping_status":"open","sticky":false,"template":"","format":"standard","meta":{"_monsterinsights_skip_tracking":false,"_monsterinsights_sitenote_active":false,"_monsterinsights_sitenote_note":"","_monsterinsights_sitenote_category":0,"_jetpack_memberships_contains_paid_content":false,"footnotes":"","jetpack_publicize_message":"","jetpack_publicize_feature_enabled":true,"jetpack_social_post_already_shared":false,"jetpack_social_options":{"image_generator_settings":{"template":"highway","default_image_id":0,"font":"","enabled":false},"version":2}},"categories":[1],"tags":[],"class_list":["post-3786","post","type-post","status-publish","format-standard","has-post-thumbnail","hentry","category-sin-categoria"],"blocksy_meta":[],"jetpack_publicize_connections":[],"jetpack_featured_media_url":"https:\/\/derechosinfronteras.pe\/wp-content\/uploads\/2020\/10\/caso-espinar-3.jpg","jetpack_sharing_enabled":true,"jetpack_likes_enabled":true,"_links":{"self":[{"href":"https:\/\/derechosinfronteras.pe\/ingles\/wp-json\/wp\/v2\/posts\/3786","targetHints":{"allow":["GET"]}}],"collection":[{"href":"https:\/\/derechosinfronteras.pe\/ingles\/wp-json\/wp\/v2\/posts"}],"about":[{"href":"https:\/\/derechosinfronteras.pe\/ingles\/wp-json\/wp\/v2\/types\/post"}],"author":[{"embeddable":true,"href":"https:\/\/derechosinfronteras.pe\/ingles\/wp-json\/wp\/v2\/users\/1"}],"replies":[{"embeddable":true,"href":"https:\/\/derechosinfronteras.pe\/ingles\/wp-json\/wp\/v2\/comments?post=3786"}],"version-history":[{"count":0,"href":"https:\/\/derechosinfronteras.pe\/ingles\/wp-json\/wp\/v2\/posts\/3786\/revisions"}],"wp:featuredmedia":[{"embeddable":true,"href":"https:\/\/derechosinfronteras.pe\/ingles\/wp-json\/wp\/v2\/media\/3787"}],"wp:attachment":[{"href":"https:\/\/derechosinfronteras.pe\/ingles\/wp-json\/wp\/v2\/media?parent=3786"}],"wp:term":[{"taxonomy":"category","embeddable":true,"href":"https:\/\/derechosinfronteras.pe\/ingles\/wp-json\/wp\/v2\/categories?post=3786"},{"taxonomy":"post_tag","embeddable":true,"href":"https:\/\/derechosinfronteras.pe\/ingles\/wp-json\/wp\/v2\/tags?post=3786"}],"curies":[{"name":"wp","href":"https:\/\/api.w.org\/{rel}","templated":true}]}}