{"id":3788,"date":"2020-10-07T15:51:36","date_gmt":"2020-10-07T20:51:36","guid":{"rendered":"http:\/\/derechosinfronteras.pe\/?p=6741"},"modified":"2023-12-28T20:31:47","modified_gmt":"2023-12-29T01:31:47","slug":"guia-de-monitoreo-ambiental-comunitario-ojo-a-los-bichitos-de-espinar","status":"publish","type":"post","link":"https:\/\/derechosinfronteras.pe\/ingles\/guia-de-monitoreo-ambiental-comunitario-ojo-a-los-bichitos-de-espinar\/","title":{"rendered":"GU\u00cdA DE MONITOREO AMBIENTAL COMUNITARIO \u00abOJO A LOS BICHITOS DE ESPINAR\u00bb"},"content":{"rendered":"<p>&nbsp;<\/p>\n<p>Con el objetivo de sensibilizar sobre la importancia de una gesti\u00f3n adecuada del agua, impulsar medidas que ayuden a su cuidado y protecci\u00f3n, e incentivar y promover en la poblaci\u00f3n en general la vigilancia ciudadana, DERECHOS HUMANOS SIN FRONTERAS, presenta su \u00abGu\u00eda de monitoreo ambiental comunitario en el r\u00edo Ca\u00f1ipia. Ojo a los bichitos de Espinar\u00bb.<\/p>\n<p>Buscando brindar una herramienta \u00fatil a las organizaciones y comunidades que deseen participar en la vigilancia comunitaria y as\u00ed generar un sistema de alerta temprana en los territorios afectados e impactados ambientalmente, este documento se encuentra disponible en el siguiente enlace para su libre descarga:<\/p>\n<p>https:\/\/derechosinfronteras.pe\/GUIA_OJO_A_LOS_BICHITOS_DE_ESPINAR.pdf<\/p>\n<p>&nbsp;<\/p>\n<figure id=\"attachment_6745\" aria-describedby=\"caption-attachment-6745\" style=\"width: 1024px\" class=\"wp-caption alignnone\"><img fetchpriority=\"high\" decoding=\"async\" class=\"size-large wp-image-6745\" src=\"http:\/\/derechosinfronteras.pe\/wp-content\/uploads\/2020\/10\/WEB-1024x724.jpg\" alt=\"\" width=\"1024\" height=\"724\" \/><figcaption id=\"caption-attachment-6745\" class=\"wp-caption-text\">Portada de \u00abOjo a los bichitos de Espinar\u00bb.<\/figcaption><\/figure>\n<p>&nbsp;<\/p>","protected":false},"excerpt":{"rendered":"<p>&nbsp; Con el objetivo de sensibilizar sobre la importancia de una gesti\u00f3n adecuada del agua, impulsar medidas que ayuden a su cuidado y protecci\u00f3n, e incentivar y promover en la poblaci\u00f3n en general la vigilancia ciudadana, DERECHOS HUMANOS SIN FRONTERAS, presenta su \u00abGu\u00eda de monitoreo ambiental comunitario en el r\u00edo Ca\u00f1ipia. Ojo a los bichitos [&hellip;]<\/p>\n","protected":false},"author":1,"featured_media":3789,"comment_status":"open","ping_status":"open","sticky":false,"template":"","format":"standard","meta":{"_monsterinsights_skip_tracking":false,"_monsterinsights_sitenote_active":false,"_monsterinsights_sitenote_note":"","_monsterinsights_sitenote_category":0,"_jetpack_memberships_contains_paid_content":false,"footnotes":"","jetpack_publicize_message":"","jetpack_publicize_feature_enabled":true,"jetpack_social_post_already_shared":false,"jetpack_social_options":{"image_generator_settings":{"template":"highway","default_image_id":0,"font":"","enabled":false},"version":2}},"categories":[1],"tags":[],"class_list":["post-3788","post","type-post","status-publish","format-standard","has-post-thumbnail","hentry","category-sin-categoria"],"blocksy_meta":[],"jetpack_publicize_connections":[],"jetpack_featured_media_url":"https:\/\/derechosinfronteras.pe\/wp-content\/uploads\/2020\/10\/plantilla-notas-web-copia.jpg","jetpack_sharing_enabled":true,"jetpack_likes_enabled":true,"_links":{"self":[{"href":"https:\/\/derechosinfronteras.pe\/ingles\/wp-json\/wp\/v2\/posts\/3788","targetHints":{"allow":["GET"]}}],"collection":[{"href":"https:\/\/derechosinfronteras.pe\/ingles\/wp-json\/wp\/v2\/posts"}],"about":[{"href":"https:\/\/derechosinfronteras.pe\/ingles\/wp-json\/wp\/v2\/types\/post"}],"author":[{"embeddable":true,"href":"https:\/\/derechosinfronteras.pe\/ingles\/wp-json\/wp\/v2\/users\/1"}],"replies":[{"embeddable":true,"href":"https:\/\/derechosinfronteras.pe\/ingles\/wp-json\/wp\/v2\/comments?post=3788"}],"version-history":[{"count":1,"href":"https:\/\/derechosinfronteras.pe\/ingles\/wp-json\/wp\/v2\/posts\/3788\/revisions"}],"predecessor-version":[{"id":7020,"href":"https:\/\/derechosinfronteras.pe\/ingles\/wp-json\/wp\/v2\/posts\/3788\/revisions\/7020"}],"wp:featuredmedia":[{"embeddable":true,"href":"https:\/\/derechosinfronteras.pe\/ingles\/wp-json\/wp\/v2\/media\/3789"}],"wp:attachment":[{"href":"https:\/\/derechosinfronteras.pe\/ingles\/wp-json\/wp\/v2\/media?parent=3788"}],"wp:term":[{"taxonomy":"category","embeddable":true,"href":"https:\/\/derechosinfronteras.pe\/ingles\/wp-json\/wp\/v2\/categories?post=3788"},{"taxonomy":"post_tag","embeddable":true,"href":"https:\/\/derechosinfronteras.pe\/ingles\/wp-json\/wp\/v2\/tags?post=3788"}],"curies":[{"name":"wp","href":"https:\/\/api.w.org\/{rel}","templated":true}]}}