{"id":3792,"date":"2020-09-29T16:16:25","date_gmt":"2020-09-29T21:16:25","guid":{"rendered":"http:\/\/derechosinfronteras.pe\/?p=6721"},"modified":"2020-09-29T16:16:25","modified_gmt":"2020-09-29T21:16:25","slug":"espinar-empresa-virso-desiste-de-la-propuesta-de-distribucion-de-las-tarjetas-de-uso-multiple","status":"publish","type":"post","link":"https:\/\/derechosinfronteras.pe\/ingles\/espinar-empresa-virso-desiste-de-la-propuesta-de-distribucion-de-las-tarjetas-de-uso-multiple\/","title":{"rendered":"Espinar: empresa Virso desiste de la propuesta de distribuci\u00f3n de las tarjetas de uso m\u00faltiple"},"content":{"rendered":"<p>Redacci\u00f3n DHSF<\/p>\n<p>El operador log\u00edstico VIRSO desisti\u00f3 de la propuesta de distribuci\u00f3n de las tarjetas de uso m\u00faltiple por un valor de S\/ 1000 en la provincia de Espinar.<\/p>\n<p>Mediante una carta remitida a la\u00a0presidenta alterna del Comit\u00e9 de Gesti\u00f3n del Convenio Marco, Jenny Huillca Salazar, con fecha 19 de septiembre de 2020, VIRSO S.C.R.L, empresa dedicada a la actividad de consultor\u00eda de gesti\u00f3n, inform\u00f3 sobre su decisi\u00f3n.<\/p>\n<p>La empresa manifest\u00f3 que su personal detect\u00f3 ciertas modificaciones en cuanto a su propuesta inicial. Esto luego de una exhaustiva revisi\u00f3n del contrato realizada por el \u00e1rea legal. La carta lleva la firma del gerente general Jose Hern\u00e1n C\u00e1riga.<\/p>\n<p>Entre las\u00a0modificaciones se encuentran dos aspectos importantes, el primero est\u00e1 relacionado con la ampliaci\u00f3n de plazos para la ejecuci\u00f3n del proyecto debido a las modificaciones de la entrega de tarjetas por parte de la Compa\u00f1\u00eda Francesa Edenred.<\/p>\n<p>En la misiva, se expone que este hecho entorpece las actividades que se ten\u00edan programadas durante los meses venideros.<\/p>\n<p>En tanto, el segundo punto est\u00e1 relacionado con la cl\u00e1usula d\u00e9cimo tercera: indemnidad. Seg\u00fan el gerente de la empresa, dicha cl\u00e1usula no se hab\u00eda mencionado durante la reuni\u00f3n del pasado martes 15 de septiembre.<\/p>\n<p>Vale precisar que el integrante del Comit\u00e9 de Gesti\u00f3n del Convenio Marco, Vidal Merma, manifest\u00f3 que para hoy martes 29 se program\u00f3 una reuni\u00f3n con los dem\u00e1s miembros del comit\u00e9, a fin de evaluar la desistencia de la empresa Virso,\u00a0y probablemente se elija otro operador log\u00edstico.<\/p>\n<p>Recordemos que la fecha propuesta para la entrega de las tarjetas de uso m\u00faltiple\u00a0iniciar\u00eda la quincena de octubre, <a href=\"https:\/\/derechosinfronteras.pe\/ingles\/entrega-de-tarjetas-multiuso-en-espinar-por-un-valor-de-s-1000-iniciara-recien-el-otro-mes\/\">seg\u00fan lo estim\u00f3 Jenny Huillca Salaza<\/a>r. Sin embargo, luego de unos d\u00edas anunci\u00f3 que tardar\u00eda un mes. Es probable que se dilate la entrega de las tarjetas de uso m\u00faltiple con la renuncia de la empresa Virso.<\/p>\n<figure id=\"attachment_6722\" aria-describedby=\"caption-attachment-6722\" style=\"width: 725px\" class=\"wp-caption alignnone\"><img fetchpriority=\"high\" decoding=\"async\" class=\"size-large wp-image-6722\" src=\"http:\/\/derechosinfronteras.pe\/wp-content\/uploads\/2020\/09\/CARTA-VIRSO-carta-dirigida-jenny-725x1024.jpg\" alt=\"\" width=\"725\" height=\"1024\" \/><figcaption id=\"caption-attachment-6722\" class=\"wp-caption-text\">Foto: carta de Virso<\/figcaption><\/figure>","protected":false},"excerpt":{"rendered":"<p>Redacci\u00f3n DHSF El operador log\u00edstico VIRSO desisti\u00f3 de la propuesta de distribuci\u00f3n de las tarjetas de uso m\u00faltiple por un valor de S\/ 1000 en la provincia de Espinar. Mediante una carta remitida a la\u00a0presidenta alterna del Comit\u00e9 de Gesti\u00f3n del Convenio Marco, Jenny Huillca Salazar, con fecha 19 de septiembre de 2020, VIRSO S.C.R.L, [&hellip;]<\/p>\n","protected":false},"author":1,"featured_media":3793,"comment_status":"open","ping_status":"open","sticky":false,"template":"","format":"standard","meta":{"_monsterinsights_skip_tracking":false,"_monsterinsights_sitenote_active":false,"_monsterinsights_sitenote_note":"","_monsterinsights_sitenote_category":0,"_jetpack_memberships_contains_paid_content":false,"footnotes":"","jetpack_publicize_message":"","jetpack_publicize_feature_enabled":true,"jetpack_social_post_already_shared":false,"jetpack_social_options":{"image_generator_settings":{"template":"highway","default_image_id":0,"font":"","enabled":false},"version":2}},"categories":[1],"tags":[],"class_list":["post-3792","post","type-post","status-publish","format-standard","has-post-thumbnail","hentry","category-sin-categoria"],"blocksy_meta":[],"jetpack_publicize_connections":[],"jetpack_featured_media_url":"https:\/\/derechosinfronteras.pe\/wp-content\/uploads\/2020\/09\/NOtas-espinar-tarjetas.jpg","jetpack_sharing_enabled":true,"jetpack_likes_enabled":true,"_links":{"self":[{"href":"https:\/\/derechosinfronteras.pe\/ingles\/wp-json\/wp\/v2\/posts\/3792","targetHints":{"allow":["GET"]}}],"collection":[{"href":"https:\/\/derechosinfronteras.pe\/ingles\/wp-json\/wp\/v2\/posts"}],"about":[{"href":"https:\/\/derechosinfronteras.pe\/ingles\/wp-json\/wp\/v2\/types\/post"}],"author":[{"embeddable":true,"href":"https:\/\/derechosinfronteras.pe\/ingles\/wp-json\/wp\/v2\/users\/1"}],"replies":[{"embeddable":true,"href":"https:\/\/derechosinfronteras.pe\/ingles\/wp-json\/wp\/v2\/comments?post=3792"}],"version-history":[{"count":0,"href":"https:\/\/derechosinfronteras.pe\/ingles\/wp-json\/wp\/v2\/posts\/3792\/revisions"}],"wp:featuredmedia":[{"embeddable":true,"href":"https:\/\/derechosinfronteras.pe\/ingles\/wp-json\/wp\/v2\/media\/3793"}],"wp:attachment":[{"href":"https:\/\/derechosinfronteras.pe\/ingles\/wp-json\/wp\/v2\/media?parent=3792"}],"wp:term":[{"taxonomy":"category","embeddable":true,"href":"https:\/\/derechosinfronteras.pe\/ingles\/wp-json\/wp\/v2\/categories?post=3792"},{"taxonomy":"post_tag","embeddable":true,"href":"https:\/\/derechosinfronteras.pe\/ingles\/wp-json\/wp\/v2\/tags?post=3792"}],"curies":[{"name":"wp","href":"https:\/\/api.w.org\/{rel}","templated":true}]}}