{"id":3794,"date":"2020-09-24T16:33:14","date_gmt":"2020-09-24T21:33:14","guid":{"rendered":"http:\/\/derechosinfronteras.pe\/?p=6714"},"modified":"2020-09-24T16:33:14","modified_gmt":"2020-09-24T21:33:14","slug":"dirigente-sobre-submesa-de-trabajo-para-la-reformulacion-del-convenio-marco-es-una-decepcion","status":"publish","type":"post","link":"https:\/\/derechosinfronteras.pe\/ingles\/dirigente-sobre-submesa-de-trabajo-para-la-reformulacion-del-convenio-marco-es-una-decepcion\/","title":{"rendered":"Dirigente sobre submesa de trabajo para la reformulaci\u00f3n del Convenio Marco: \u201cEs una decepci\u00f3n\u201d"},"content":{"rendered":"<p>Redacci\u00f3n DHSF<\/p>\n<p>\u201cEs una decepci\u00f3n para m\u00ed estar ah\u00ed\u201d, as\u00ed fueron las primeras palabras del presidente del Frente \u00danico de Defensa de los Intereses de Espinar (FUDIE), Yuber Choqueccota, al salir de la sesi\u00f3n de la submesa de trabajo para la reformulaci\u00f3n del Convenio Marco, la cual se realiz\u00f3 virtualmente ayer.<\/p>\n<p>Las declaraciones del dirigente se basan en el hermetismo que hay en las reuniones entorno a los acuerdos y avances de esta submesa de trabajo. Adem\u00e1s, las sesiones se realizan a puerta cerrada y sin transmisiones en vivo.<\/p>\n<p>Seg\u00fan Choqueccota, los representantes de gobierno nacional y la empresa minera Antapaccay se oponen a la propuesta de transmitir las reuniones de trabajo bajo el argumento que se deben respetar ciertos protocolos por seguridad.<\/p>\n<p><strong>\u201c<\/strong>No existe una real voluntad de reformular el Convenio Marco; por el contrario, tratan de imponer y proseguir los acuerdos previos, traen y sacan actas y los acuerdos ya existentes que son hasta un retroceso al convenio del 2003 vigente hasta ahora\u201d, explic\u00f3.<\/p>\n<p>En ese sentido, el dirigente denunci\u00f3 el car\u00e1cter antidemocr\u00e1tico, unilateral y direccionado de esta submesa. A la vez, lament\u00f3 que hasta el momento no exista la participaci\u00f3n del equipo t\u00e9cnico de la sociedad civil, pese a que las organizaciones sociales conformaron y propusieron a dicho grupo t\u00e9cnico a la Municipalidad Provincial de Espinar. Sin embargo, no han obtenido respuesta.<\/p>\n<p>Tampoco existir\u00eda un espacio de concertaci\u00f3n previa entre autoridades y dirigentes para consensuar propuestas, estrategias y criterios; por lo que, reci\u00e9n cuando est\u00e1n en la submesa de trabajo se discuten diferentes ideas y posibles acciones.<\/p>\n<p>Vale precisar que la reuni\u00f3n de dicha submesa de trabajo fue convocada por los representantes del Ministerio de Energ\u00eda y Minas. Solo participaron los integrantes del Comit\u00e9 de Gesti\u00f3n del Convenio Marco, entre ellos Yuber Choqueccota.\u00a0Las dem\u00e1s organizaciones sociales como el Comit\u00e9 de Lucha Provincial de Espinar est\u00e1n excluidas de este proceso.<\/p>","protected":false},"excerpt":{"rendered":"<p>Redacci\u00f3n DHSF \u201cEs una decepci\u00f3n para m\u00ed estar ah\u00ed\u201d, as\u00ed fueron las primeras palabras del presidente del Frente \u00danico de Defensa de los Intereses de Espinar (FUDIE), Yuber Choqueccota, al salir de la sesi\u00f3n de la submesa de trabajo para la reformulaci\u00f3n del Convenio Marco, la cual se realiz\u00f3 virtualmente ayer. Las declaraciones del dirigente [&hellip;]<\/p>\n","protected":false},"author":1,"featured_media":3795,"comment_status":"open","ping_status":"open","sticky":false,"template":"","format":"standard","meta":{"_monsterinsights_skip_tracking":false,"_monsterinsights_sitenote_active":false,"_monsterinsights_sitenote_note":"","_monsterinsights_sitenote_category":0,"_jetpack_memberships_contains_paid_content":false,"footnotes":"","jetpack_publicize_message":"","jetpack_publicize_feature_enabled":true,"jetpack_social_post_already_shared":false,"jetpack_social_options":{"image_generator_settings":{"template":"highway","default_image_id":0,"font":"","enabled":false},"version":2}},"categories":[1],"tags":[],"class_list":["post-3794","post","type-post","status-publish","format-standard","has-post-thumbnail","hentry","category-sin-categoria"],"blocksy_meta":[],"jetpack_publicize_connections":[],"jetpack_featured_media_url":"https:\/\/derechosinfronteras.pe\/wp-content\/uploads\/2020\/09\/NOTA-SUB-MESA.jpg","jetpack_sharing_enabled":true,"jetpack_likes_enabled":true,"_links":{"self":[{"href":"https:\/\/derechosinfronteras.pe\/ingles\/wp-json\/wp\/v2\/posts\/3794","targetHints":{"allow":["GET"]}}],"collection":[{"href":"https:\/\/derechosinfronteras.pe\/ingles\/wp-json\/wp\/v2\/posts"}],"about":[{"href":"https:\/\/derechosinfronteras.pe\/ingles\/wp-json\/wp\/v2\/types\/post"}],"author":[{"embeddable":true,"href":"https:\/\/derechosinfronteras.pe\/ingles\/wp-json\/wp\/v2\/users\/1"}],"replies":[{"embeddable":true,"href":"https:\/\/derechosinfronteras.pe\/ingles\/wp-json\/wp\/v2\/comments?post=3794"}],"version-history":[{"count":0,"href":"https:\/\/derechosinfronteras.pe\/ingles\/wp-json\/wp\/v2\/posts\/3794\/revisions"}],"wp:featuredmedia":[{"embeddable":true,"href":"https:\/\/derechosinfronteras.pe\/ingles\/wp-json\/wp\/v2\/media\/3795"}],"wp:attachment":[{"href":"https:\/\/derechosinfronteras.pe\/ingles\/wp-json\/wp\/v2\/media?parent=3794"}],"wp:term":[{"taxonomy":"category","embeddable":true,"href":"https:\/\/derechosinfronteras.pe\/ingles\/wp-json\/wp\/v2\/categories?post=3794"},{"taxonomy":"post_tag","embeddable":true,"href":"https:\/\/derechosinfronteras.pe\/ingles\/wp-json\/wp\/v2\/tags?post=3794"}],"curies":[{"name":"wp","href":"https:\/\/api.w.org\/{rel}","templated":true}]}}