{"id":3798,"date":"2020-09-18T11:55:08","date_gmt":"2020-09-18T16:55:08","guid":{"rendered":"http:\/\/derechosinfronteras.pe\/?p=6701"},"modified":"2020-09-18T11:55:08","modified_gmt":"2020-09-18T16:55:08","slug":"organizaciones-suizas-envian-carta-a-instituciones-peruanas-solicitando-investigacion-sobre-el-caso-espinar","status":"publish","type":"post","link":"https:\/\/derechosinfronteras.pe\/ingles\/organizaciones-suizas-envian-carta-a-instituciones-peruanas-solicitando-investigacion-sobre-el-caso-espinar\/","title":{"rendered":"ORGANIZACIONES SUIZAS ENVIAN CARTA A INSTITUCIONES PERUANAS SOLICITANDO INVESTIGACI\u00d3N SOBRE EL CASO ESPINAR"},"content":{"rendered":"<p>Redacci\u00f3n DHSF<\/p>\n<p>Diferentes organizaciones de Suiza, como FIAN International Suiza y Comundo, entre otras, se han pronunciado con una carta dirigida al Ministerio P\u00fablico, el Ministerio de Justicia, Ministerio del Interior y Defensor\u00eda del Pueblo, recomendando que se inicie una investigaci\u00f3n sobre los casos de violaci\u00f3n a los Derechos Humanos contra los manifestantes de la provincia de Epinar, ocurridos en julio del presente a\u00f1o durante las protestas en exigencia del bono humanitario a la empresa minera Antapaccay.<\/p>\n<p>\u201cLas restricciones a la protesta social en el marco de la pandemia por COVID19 deber\u00edan implementarse de acuerdo al principio de proporcionalidad. Las Fuerzas Armadas no pueden intervenir en situaciones de protesta social, desnaturalizando la autorizaci\u00f3n que se les ha dado para apoyar a la Polic\u00eda durante la emergencia sanitaria.\u201d Expresa a carta en el primer punto.<\/p>\n<p>Luego, se dirige a cada instituci\u00f3n estatal con exigencias particulares. Primero al Ministerio P\u00fablico exigiendo una investigaci\u00f3n exhaustiva para identificar a los responsables. Al Ministerio del Interior le pide implementar reformar institucionales para garantizar la gesti\u00f3n adecuada de manifestaciones, buscar sancionar a los responsables de las agresiones y reparando a las v\u00edctimas sin necesidad de esperar un procedimiento judicial. Mientras al Ministerio de Justicia le pide implementar el Protocolo para protecci\u00f3n de defensores y desarrollar el Plan Nacional de Acci\u00f3n sobre Empresas y Derechos Humanos. Finalmente, a la Defensor\u00eda del Pueblo, le pide analizar el uso de la fuerza en las protestas y manifestaciones desde el Mecanismo Nacional de Prevenci\u00f3n de la Tortura.<\/p>\n<p>Lee la carta aqu\u00ed:\u00a0 [gview file=\u00bbhttp:\/\/derechosinfronteras.pe\/wp-content\/uploads\/2020\/09\/Carta-a-autoridades-peruanas-10-de-septiembre-1.pdf\u00bb]<\/p>\n<p>&nbsp;<\/p>\n","protected":false},"excerpt":{"rendered":"<p>Redacci\u00f3n DHSF Diferentes organizaciones de Suiza, como FIAN International Suiza y Comundo, entre otras, se han pronunciado con una carta dirigida al Ministerio P\u00fablico, el Ministerio de Justicia, Ministerio del Interior y Defensor\u00eda del Pueblo, recomendando que se inicie una investigaci\u00f3n sobre los casos de violaci\u00f3n a los Derechos Humanos contra los manifestantes de la [&hellip;]<\/p>\n","protected":false},"author":1,"featured_media":3799,"comment_status":"open","ping_status":"open","sticky":false,"template":"","format":"standard","meta":{"_monsterinsights_skip_tracking":false,"_monsterinsights_sitenote_active":false,"_monsterinsights_sitenote_note":"","_monsterinsights_sitenote_category":0,"_jetpack_memberships_contains_paid_content":false,"footnotes":"","jetpack_publicize_message":"","jetpack_publicize_feature_enabled":true,"jetpack_social_post_already_shared":false,"jetpack_social_options":{"image_generator_settings":{"template":"highway","default_image_id":0,"font":"","enabled":false},"version":2}},"categories":[1],"tags":[],"class_list":["post-3798","post","type-post","status-publish","format-standard","has-post-thumbnail","hentry","category-sin-categoria"],"blocksy_meta":[],"jetpack_publicize_connections":[],"jetpack_featured_media_url":"https:\/\/derechosinfronteras.pe\/wp-content\/uploads\/2020\/09\/plantilla-notas-web.jpg","jetpack_sharing_enabled":true,"jetpack_likes_enabled":true,"_links":{"self":[{"href":"https:\/\/derechosinfronteras.pe\/ingles\/wp-json\/wp\/v2\/posts\/3798","targetHints":{"allow":["GET"]}}],"collection":[{"href":"https:\/\/derechosinfronteras.pe\/ingles\/wp-json\/wp\/v2\/posts"}],"about":[{"href":"https:\/\/derechosinfronteras.pe\/ingles\/wp-json\/wp\/v2\/types\/post"}],"author":[{"embeddable":true,"href":"https:\/\/derechosinfronteras.pe\/ingles\/wp-json\/wp\/v2\/users\/1"}],"replies":[{"embeddable":true,"href":"https:\/\/derechosinfronteras.pe\/ingles\/wp-json\/wp\/v2\/comments?post=3798"}],"version-history":[{"count":0,"href":"https:\/\/derechosinfronteras.pe\/ingles\/wp-json\/wp\/v2\/posts\/3798\/revisions"}],"wp:featuredmedia":[{"embeddable":true,"href":"https:\/\/derechosinfronteras.pe\/ingles\/wp-json\/wp\/v2\/media\/3799"}],"wp:attachment":[{"href":"https:\/\/derechosinfronteras.pe\/ingles\/wp-json\/wp\/v2\/media?parent=3798"}],"wp:term":[{"taxonomy":"category","embeddable":true,"href":"https:\/\/derechosinfronteras.pe\/ingles\/wp-json\/wp\/v2\/categories?post=3798"},{"taxonomy":"post_tag","embeddable":true,"href":"https:\/\/derechosinfronteras.pe\/ingles\/wp-json\/wp\/v2\/tags?post=3798"}],"curies":[{"name":"wp","href":"https:\/\/api.w.org\/{rel}","templated":true}]}}