{"id":3800,"date":"2020-09-17T17:13:34","date_gmt":"2020-09-17T22:13:34","guid":{"rendered":"http:\/\/derechosinfronteras.pe\/?p=6695"},"modified":"2020-09-17T17:13:34","modified_gmt":"2020-09-17T22:13:34","slug":"coronavirus-cuarentena-focalizada-se-mantiene-en-la-region-de-cusco","status":"publish","type":"post","link":"https:\/\/derechosinfronteras.pe\/ingles\/coronavirus-cuarentena-focalizada-se-mantiene-en-la-region-de-cusco\/","title":{"rendered":"Coronavirus: cuarentena focalizada se mantiene en la regi\u00f3n de Cusco"},"content":{"rendered":"<p>Redacci\u00f3n DHSF<\/p>\n<p>El Gobierno, a trav\u00e9s del <a href=\"https:\/\/busquedas.elperuano.pe\/normaslegales\/decreto-supremo-que-modifica-el-decreto-supremo-n-116-2020-decreto-supremo-n-151-2020-pcm-1885582-1\/\" target=\"_blank\" rel=\"noopener\">Decreto Supremo N\u00b0 151-2020-PCM<\/a>, dispuso que la cuarentena focalizada total contin\u00fae en nuestra regi\u00f3n de Cusco, al igual que en las regiones de Moquegua, Puno y Tacna.<\/p>\n<p>La norma establece que el desplazamiento de las personas est\u00e1 permitido \u00fanicamente para la prestaci\u00f3n y acceso a servicios y bienes esenciales, as\u00ed como para la prestaci\u00f3n de servicios de las actividades econ\u00f3micas autorizadas.<\/p>\n<p>La inmovilizaci\u00f3n social obligatoria de las personas en sus domicilios rige de lunes a s\u00e1bado desde las 20:00 horas hasta las 04:00 horas del d\u00eda siguiente, y los d\u00edas domingo durante todo el d\u00eda hasta las 4:00 horas del d\u00eda siguiente.<\/p>\n<p>Tambi\u00e9n el decreto precisa que las reuniones sociales, incluyendo las que se realizan en los domicilios y visitas familiares, se encuentran prohibidas, por razones de salud y a efecto de evitar el incremento de los contagios a consecuencia del COVID-19.<\/p>\n<p>La medida tambi\u00e9n se aplica en algunas provincias de las regiones de Amazonas, Ancash, Apur\u00edmac, Ayacucho, Cajamarca, Huancavelica, Hu\u00e1nuco, Ica, Jun\u00edn, Lima, Madre de Dios y Pasco.<\/p>\n<p>Esta norma, que modifica el Decreto Supremo N\u00b0 116-2020-PCM, adem\u00e1s indica que est\u00e1 exceptuado de la inmovilizaci\u00f3n obligatoria el personal que presta servicios de abastecimiento de alimentos, salud, medicinas, servicios financieros, servicio de restaurante para entrega a domicilio (delivery), la continuidad de los servicios de agua, saneamiento, energ\u00eda el\u00e9ctrica, gas, combustibles, telecomunicaciones y actividades conexas, limpieza y recojo de residuos s\u00f3lidos, servicios funerarios, transporte de carga y mercanc\u00edas y actividades conexas, actividades relacionadas con la reanudaci\u00f3n de actividades econ\u00f3micas, transporte de caudales.<\/p>\n<p>Lo mismo para el personal de prensa escrita, radial o televisiva que podr\u00e1 transitar siempre que porte su pase personal laboral, su credencial period\u00edstica respectiva y su Documento Nacional de Identidad para fines de identificaci\u00f3n.<\/p>\n<p>En el resto del pa\u00eds, a partir del lunes 21 de septiembre, la inmovilizaci\u00f3n social obligatoria iniciar\u00e1 desde las 23:00 horas hasta las 04:00 horas del d\u00eda siguiente, de lunes a domingo, a excepci\u00f3n de nuestra regi\u00f3n y las dem\u00e1s mencionadas.<\/p>\n<p>CASOS DE COVID-19<\/p>\n<p>Hasta la fecha Cusco registra 49 mil 055 casos confirmados y 935 fallecidos a causa del coronavirus en toda la regi\u00f3n.<\/p>\n<figure id=\"attachment_6696\" aria-describedby=\"caption-attachment-6696\" style=\"width: 225px\" class=\"wp-caption alignnone\"><img fetchpriority=\"high\" decoding=\"async\" class=\"size-full wp-image-6696\" src=\"http:\/\/derechosinfronteras.pe\/wp-content\/uploads\/2020\/09\/cuarentena-focalizada.jpg\" alt=\"\" width=\"225\" height=\"506\" \/><figcaption id=\"caption-attachment-6696\" class=\"wp-caption-text\">Foto: lista de regiones en cuarentena focalizada<\/figcaption><\/figure>","protected":false},"excerpt":{"rendered":"<p>Redacci\u00f3n DHSF El Gobierno, a trav\u00e9s del Decreto Supremo N\u00b0 151-2020-PCM, dispuso que la cuarentena focalizada total contin\u00fae en nuestra regi\u00f3n de Cusco, al igual que en las regiones de Moquegua, Puno y Tacna. La norma establece que el desplazamiento de las personas est\u00e1 permitido \u00fanicamente para la prestaci\u00f3n y acceso a servicios y bienes [&hellip;]<\/p>\n","protected":false},"author":1,"featured_media":3801,"comment_status":"open","ping_status":"open","sticky":false,"template":"","format":"standard","meta":{"_monsterinsights_skip_tracking":false,"_monsterinsights_sitenote_active":false,"_monsterinsights_sitenote_note":"","_monsterinsights_sitenote_category":0,"_jetpack_memberships_contains_paid_content":false,"footnotes":"","jetpack_publicize_message":"","jetpack_publicize_feature_enabled":true,"jetpack_social_post_already_shared":false,"jetpack_social_options":{"image_generator_settings":{"template":"highway","default_image_id":0,"font":"","enabled":false},"version":2}},"categories":[1],"tags":[],"class_list":["post-3800","post","type-post","status-publish","format-standard","has-post-thumbnail","hentry","category-sin-categoria"],"blocksy_meta":[],"jetpack_publicize_connections":[],"jetpack_featured_media_url":"https:\/\/derechosinfronteras.pe\/wp-content\/uploads\/2020\/09\/NOTA-CUARENTENA-FOCALIZADA.jpg","jetpack_sharing_enabled":true,"jetpack_likes_enabled":true,"_links":{"self":[{"href":"https:\/\/derechosinfronteras.pe\/ingles\/wp-json\/wp\/v2\/posts\/3800","targetHints":{"allow":["GET"]}}],"collection":[{"href":"https:\/\/derechosinfronteras.pe\/ingles\/wp-json\/wp\/v2\/posts"}],"about":[{"href":"https:\/\/derechosinfronteras.pe\/ingles\/wp-json\/wp\/v2\/types\/post"}],"author":[{"embeddable":true,"href":"https:\/\/derechosinfronteras.pe\/ingles\/wp-json\/wp\/v2\/users\/1"}],"replies":[{"embeddable":true,"href":"https:\/\/derechosinfronteras.pe\/ingles\/wp-json\/wp\/v2\/comments?post=3800"}],"version-history":[{"count":0,"href":"https:\/\/derechosinfronteras.pe\/ingles\/wp-json\/wp\/v2\/posts\/3800\/revisions"}],"wp:featuredmedia":[{"embeddable":true,"href":"https:\/\/derechosinfronteras.pe\/ingles\/wp-json\/wp\/v2\/media\/3801"}],"wp:attachment":[{"href":"https:\/\/derechosinfronteras.pe\/ingles\/wp-json\/wp\/v2\/media?parent=3800"}],"wp:term":[{"taxonomy":"category","embeddable":true,"href":"https:\/\/derechosinfronteras.pe\/ingles\/wp-json\/wp\/v2\/categories?post=3800"},{"taxonomy":"post_tag","embeddable":true,"href":"https:\/\/derechosinfronteras.pe\/ingles\/wp-json\/wp\/v2\/tags?post=3800"}],"curies":[{"name":"wp","href":"https:\/\/api.w.org\/{rel}","templated":true}]}}