{"id":3803,"date":"2020-09-17T15:46:54","date_gmt":"2020-09-17T20:46:54","guid":{"rendered":"http:\/\/derechosinfronteras.pe\/?p=6687"},"modified":"2020-09-17T15:46:54","modified_gmt":"2020-09-17T20:46:54","slug":"entrega-de-tarjetas-multiuso-en-espinar-por-un-valor-de-s-1000-iniciara-recien-el-otro-mes","status":"publish","type":"post","link":"https:\/\/derechosinfronteras.pe\/ingles\/entrega-de-tarjetas-multiuso-en-espinar-por-un-valor-de-s-1000-iniciara-recien-el-otro-mes\/","title":{"rendered":"Entrega de tarjetas multiuso en Espinar por un valor de S\/ 1000 iniciar\u00eda reci\u00e9n el otro mes"},"content":{"rendered":"<p>Redacci\u00f3n DHSF<\/p>\n<p>La entrega de las tarjetas de uso m\u00faltiple por un valor de S\/ 1000 iniciar\u00eda a partir de la quincena de octubre en la provincia de Espinar y no este mes como lo viene anunciando el Ministerio de Energ\u00eda y Minas a trav\u00e9s de notas de prensa.<\/p>\n<p>La fecha estimada responde a los tr\u00e1mites que deben realizarse previamente como la transferencia de S\/ 25 millones de los S\/ 44 millones de presupuesto total proveniente de los fondos del Convenio Marco para concretar dicho subsidio econ\u00f3mico. En un plazo de 10 d\u00edas el banco har\u00eda la transferencia a la empresa Edenred, ente ejecutor de la entrega de las tarjetas de uso m\u00faltiple.<\/p>\n<p>La regidora Yeny Huillca, presidenta alterna del Comit\u00e9 de Gesti\u00f3n del Convenio Marco, explic\u00f3 que la empresa Edenred iniciar\u00e1 con la fabricaci\u00f3n de las tarjetas, una vez tenga el dinero en dep\u00f3sito bancario y el padr\u00f3n de los beneficiarios y beneficiarias.<\/p>\n<p>\u201cSon 25 millones de soles que se van a depositar en un primer momento, entonces son 25 mil tarjetas que van a llegar en un primer momento. Ya se va a publicar el cronograma (de las entregas)\u201d, inform\u00f3.<\/p>\n<p>La entrega de estas tarjetas en los distritos de la provincia tardar\u00eda cuatro semanas y empezar\u00eda a partir de la quincena de octubre, seg\u00fan estim\u00f3 Huillca. \u201cNosotros nunca dijimos que lo \u00edbamos hacer en tan corto tiempo. Con cualquier otra empresa hubiera ocurrido lo mismo porque eso no depende de la empresa, eso depende del banco donde est\u00e1 depositado el fideicomiso. Entonces, venga a, b o z ten\u00eda que esperarse en hacerle la transferencia. Si la empresa puede hacer la entrega antes, no habr\u00eda ning\u00fan problema, el plazo m\u00e1ximo es octubre\u201d, declar\u00f3 la concejal.<\/p>\n<p>El convenio entre el Comit\u00e9 de Gesti\u00f3n del Convenio Marco con Edenred todav\u00eda no se habr\u00eda suscrito. Es necesaria la firma del alcalde provincial Lolo Arenas, quien se encuentra recuper\u00e1ndose del coronavirus en una cl\u00ednica de la ciudad de Arequipa, por lo cual los documentos han sido enviados a la autoridad para que los firme pronto, de acuerdo a lo manifestado por la regidora Huillca.<\/p>\n<p>Mientras tanto, los directivos de la empresa minera Antapaccay ya tendr\u00edan en sus manos el convenio para la r\u00fabrica respectiva del representante acreditado.<\/p>\n<p>Hasta el momento se desconoce si Lolo Arenas y el representante de la minera ya han firmado el convenio con Edenred para la entrega de tarjetas de uso m\u00faltiple que servir\u00e1 para realizar pagos de productos de primera necesidad, medicinas, servicios, entre otros.<\/p>\n<p>El objetivo del subsidio es atender, de manera excepcional, a la poblaci\u00f3n espinarense que atraviesa una crisis econ\u00f3mica por efecto de la pandemia del COVID-19.<\/p>\n<p>Vale precisar que el contenido del convenio fue discutido en la sesi\u00f3n del martes entre los integrantes del Comit\u00e9 de Gesti\u00f3n del Convenio Marco bajo el acompa\u00f1amiento y soporte de los representantes del Ministerio de Energ\u00eda y Minas y Ministerio de la Producci\u00f3n (Produce).<\/p>\n<p>Al finalizar la reuni\u00f3n, se firm\u00f3 un acta entre la mayor\u00eda de los miembros y la empresa Edenred dando conformidad a la firma del convenio. Un miembro del comit\u00e9 se abstuvo de firmar.<\/p>\n<p>Finalmente, Produce se comprometi\u00f3 en promover la formalizaci\u00f3n de los emprendimientos y negocios locales de Espinar, a trav\u00e9s de asesor\u00edas en el uso de las herramientas digitales, que les permitir\u00e1n atender la demanda de los beneficiarios con las tarjetas.<\/p>","protected":false},"excerpt":{"rendered":"<p>Redacci\u00f3n DHSF La entrega de las tarjetas de uso m\u00faltiple por un valor de S\/ 1000 iniciar\u00eda a partir de la quincena de octubre en la provincia de Espinar y no este mes como lo viene anunciando el Ministerio de Energ\u00eda y Minas a trav\u00e9s de notas de prensa. La fecha estimada responde a los [&hellip;]<\/p>\n","protected":false},"author":1,"featured_media":3804,"comment_status":"open","ping_status":"open","sticky":false,"template":"","format":"standard","meta":{"_monsterinsights_skip_tracking":false,"_monsterinsights_sitenote_active":false,"_monsterinsights_sitenote_note":"","_monsterinsights_sitenote_category":0,"_jetpack_memberships_contains_paid_content":false,"footnotes":"","jetpack_publicize_message":"","jetpack_publicize_feature_enabled":true,"jetpack_social_post_already_shared":false,"jetpack_social_options":{"image_generator_settings":{"template":"highway","default_image_id":0,"font":"","enabled":false},"version":2}},"categories":[1],"tags":[],"class_list":["post-3803","post","type-post","status-publish","format-standard","has-post-thumbnail","hentry","category-sin-categoria"],"blocksy_meta":[],"jetpack_publicize_connections":[],"jetpack_featured_media_url":"https:\/\/derechosinfronteras.pe\/wp-content\/uploads\/2020\/09\/NOTA-TARJETAS-ESPINAR.jpg","jetpack_sharing_enabled":true,"jetpack_likes_enabled":true,"_links":{"self":[{"href":"https:\/\/derechosinfronteras.pe\/ingles\/wp-json\/wp\/v2\/posts\/3803","targetHints":{"allow":["GET"]}}],"collection":[{"href":"https:\/\/derechosinfronteras.pe\/ingles\/wp-json\/wp\/v2\/posts"}],"about":[{"href":"https:\/\/derechosinfronteras.pe\/ingles\/wp-json\/wp\/v2\/types\/post"}],"author":[{"embeddable":true,"href":"https:\/\/derechosinfronteras.pe\/ingles\/wp-json\/wp\/v2\/users\/1"}],"replies":[{"embeddable":true,"href":"https:\/\/derechosinfronteras.pe\/ingles\/wp-json\/wp\/v2\/comments?post=3803"}],"version-history":[{"count":0,"href":"https:\/\/derechosinfronteras.pe\/ingles\/wp-json\/wp\/v2\/posts\/3803\/revisions"}],"wp:featuredmedia":[{"embeddable":true,"href":"https:\/\/derechosinfronteras.pe\/ingles\/wp-json\/wp\/v2\/media\/3804"}],"wp:attachment":[{"href":"https:\/\/derechosinfronteras.pe\/ingles\/wp-json\/wp\/v2\/media?parent=3803"}],"wp:term":[{"taxonomy":"category","embeddable":true,"href":"https:\/\/derechosinfronteras.pe\/ingles\/wp-json\/wp\/v2\/categories?post=3803"},{"taxonomy":"post_tag","embeddable":true,"href":"https:\/\/derechosinfronteras.pe\/ingles\/wp-json\/wp\/v2\/tags?post=3803"}],"curies":[{"name":"wp","href":"https:\/\/api.w.org\/{rel}","templated":true}]}}