{"id":3805,"date":"2020-09-16T18:06:04","date_gmt":"2020-09-16T23:06:04","guid":{"rendered":"http:\/\/derechosinfronteras.pe\/?p=6679"},"modified":"2020-09-16T18:06:04","modified_gmt":"2020-09-16T23:06:04","slug":"detienen-a-dirigente-de-la-fartac-por-apoyar-manifestacion-contra-la-privatizacion-de-la-educacion","status":"publish","type":"post","link":"https:\/\/derechosinfronteras.pe\/ingles\/detienen-a-dirigente-de-la-fartac-por-apoyar-manifestacion-contra-la-privatizacion-de-la-educacion\/","title":{"rendered":"Detienen a dirigente de la FARTAC por apoyar manifestaci\u00f3n contra la privatizaci\u00f3n de la educaci\u00f3n"},"content":{"rendered":"<p><span style=\"font-weight: 400;\">Redacci\u00f3n DHSF<\/span><\/p>\n<p><span style=\"font-weight: 400;\">\u201c\u00a1Ya!, \u00a1 Det\u00e9nganlo!\u201d. Fueron las palabras de la polic\u00eda, quien dio la orden de arrestar a\u00a0 Victor Ra\u00fal Maita, presidente de la Federaci\u00f3n Agraria Revolucionaria Tupac Amaru del Cusco (Fartac) junto a otros 2 manifestantes, mientras se encontraban en la puerta del palacio de justicia.<\/span><\/p>\n<p><span style=\"font-weight: 400;\">Maita estaba apoyando el reclamo de\u00a0 padres y madres de familia frente a la resoluci\u00f3n N\u00b0326-2020 del Ministerio de Educaci\u00f3n, que seg\u00fan el ex dirigente del SUTER CUSCO, Ernesto Meza Tica, abre el camino para la privatizaci\u00f3n de la educaci\u00f3n en el pa\u00eds, lo que\u00a0 tendr\u00eda efectos en la calidad de la ense\u00f1anza y el acceso al servicio educativo.<\/span><\/p>\n<p><span style=\"font-weight: 400;\">A pesar que el dirigente se encontraba con mascarilla de protecci\u00f3n y manten\u00eda la distancia que esta pandemia obliga, los argumentos de los efectivos policiales fueron: \u201cen estos momentos, el hecho de salir a la v\u00eda p\u00fablica, sin que tenga un motivo, una raz\u00f3n justificada, ya estamos inclumpliendo el decreto supremo\u201d.\u00a0<\/span><\/p>\n<p><span style=\"font-weight: 400;\">Sin poner poner ninguna resistencia, Maita, camin\u00f3 sujetando en sus manos un cartel que dec\u00eda: \u201cNo a la privatizaci\u00f3n de la educaci\u00f3n\u201d, mientras gritaba: \u201cEste gobierno corrupto est\u00e1 siempre acostumbrado a reprimir, so pretexto de esta pandemia se quiere privatizar la educaci\u00f3n\u201d. Solo para ser liberado 1 hora m\u00e1s tarde, con la imposici\u00f3n de una multa.<\/span><\/p>\n<p><span style=\"font-weight: 400;\">Sin embargo, Maita denunci\u00f3 que lo registraron como \u201cindocumentado\u201d, a pesar que al momento de su detenci\u00f3n, se ve claramente en un video, como entrega su DNI a los efectivos policiales.\u00bbHemos ejercido nuestro derecho a la protesta y la reuni\u00f3n y hemos sido detenidos arbitrariamente por la Polic\u00eda. Ahora queremos denunciar que cuando llegu\u00e9 me pidieron mi DNI y les entregu\u00e9, y ahora se extravi\u00f3. Y en este acta pusieron que soy indocumentado\u00bb, manifest\u00f3 el dirigente.<\/span><\/p>\n<p><span style=\"font-weight: 400;\">Esta situaci\u00f3n no es aislada, recordemos la represi\u00f3n y violencia con que actu\u00f3 la polic\u00eda en julio de este a\u00f1o, en las protestas realizadas en la provincia de Espinar, exigiendo un bono solidario a la empresa minera Antapaccay.<\/span><\/p>\n<p><img fetchpriority=\"high\" decoding=\"async\" class=\"alignnone size-large wp-image-6685\" src=\"http:\/\/derechosinfronteras.pe\/wp-content\/uploads\/2020\/09\/N-1.jpg\" alt=\"\" width=\"996\" height=\"665\" \/><\/p>\n<p>&nbsp;<\/p>","protected":false},"excerpt":{"rendered":"<p>Redacci\u00f3n DHSF \u201c\u00a1Ya!, \u00a1 Det\u00e9nganlo!\u201d. Fueron las palabras de la polic\u00eda, quien dio la orden de arrestar a\u00a0 Victor Ra\u00fal Maita, presidente de la Federaci\u00f3n Agraria Revolucionaria Tupac Amaru del Cusco (Fartac) junto a otros 2 manifestantes, mientras se encontraban en la puerta del palacio de justicia. Maita estaba apoyando el reclamo de\u00a0 padres y [&hellip;]<\/p>\n","protected":false},"author":1,"featured_media":3806,"comment_status":"open","ping_status":"open","sticky":false,"template":"","format":"standard","meta":{"_monsterinsights_skip_tracking":false,"_monsterinsights_sitenote_active":false,"_monsterinsights_sitenote_note":"","_monsterinsights_sitenote_category":0,"_jetpack_memberships_contains_paid_content":false,"footnotes":"","jetpack_publicize_message":"","jetpack_publicize_feature_enabled":true,"jetpack_social_post_already_shared":false,"jetpack_social_options":{"image_generator_settings":{"template":"highway","default_image_id":0,"font":"","enabled":false},"version":2}},"categories":[1],"tags":[],"class_list":["post-3805","post","type-post","status-publish","format-standard","has-post-thumbnail","hentry","category-sin-categoria"],"blocksy_meta":[],"jetpack_publicize_connections":[],"jetpack_featured_media_url":"https:\/\/derechosinfronteras.pe\/wp-content\/uploads\/2020\/09\/FARTAC.jpg","jetpack_sharing_enabled":true,"jetpack_likes_enabled":true,"_links":{"self":[{"href":"https:\/\/derechosinfronteras.pe\/ingles\/wp-json\/wp\/v2\/posts\/3805","targetHints":{"allow":["GET"]}}],"collection":[{"href":"https:\/\/derechosinfronteras.pe\/ingles\/wp-json\/wp\/v2\/posts"}],"about":[{"href":"https:\/\/derechosinfronteras.pe\/ingles\/wp-json\/wp\/v2\/types\/post"}],"author":[{"embeddable":true,"href":"https:\/\/derechosinfronteras.pe\/ingles\/wp-json\/wp\/v2\/users\/1"}],"replies":[{"embeddable":true,"href":"https:\/\/derechosinfronteras.pe\/ingles\/wp-json\/wp\/v2\/comments?post=3805"}],"version-history":[{"count":0,"href":"https:\/\/derechosinfronteras.pe\/ingles\/wp-json\/wp\/v2\/posts\/3805\/revisions"}],"wp:featuredmedia":[{"embeddable":true,"href":"https:\/\/derechosinfronteras.pe\/ingles\/wp-json\/wp\/v2\/media\/3806"}],"wp:attachment":[{"href":"https:\/\/derechosinfronteras.pe\/ingles\/wp-json\/wp\/v2\/media?parent=3805"}],"wp:term":[{"taxonomy":"category","embeddable":true,"href":"https:\/\/derechosinfronteras.pe\/ingles\/wp-json\/wp\/v2\/categories?post=3805"},{"taxonomy":"post_tag","embeddable":true,"href":"https:\/\/derechosinfronteras.pe\/ingles\/wp-json\/wp\/v2\/tags?post=3805"}],"curies":[{"name":"wp","href":"https:\/\/api.w.org\/{rel}","templated":true}]}}