{"id":3810,"date":"2020-09-09T10:56:12","date_gmt":"2020-09-09T15:56:12","guid":{"rendered":"http:\/\/derechosinfronteras.pe\/?p=6665"},"modified":"2020-09-09T10:56:12","modified_gmt":"2020-09-09T15:56:12","slug":"tras-un-mes-del-conflicto-recien-eligen-a-ente-ejecutor-para-la-entrega-de-tarjetas-de-uso-multiple-por-un-valor-de-s-1000-en-espinar","status":"publish","type":"post","link":"https:\/\/derechosinfronteras.pe\/ingles\/tras-un-mes-del-conflicto-recien-eligen-a-ente-ejecutor-para-la-entrega-de-tarjetas-de-uso-multiple-por-un-valor-de-s-1000-en-espinar\/","title":{"rendered":"Tras un mes del conflicto en Espinar, eligen a ente ejecutor para la entrega de tarjetas de uso m\u00faltiple de S\/ 1000"},"content":{"rendered":"<p>Redacci\u00f3n DHSF<\/p>\n<p>Tras un mes de haber llegado a un acuerdo la poblaci\u00f3n manifestante y la empresa minera Antapaccay, reci\u00e9n ayer el Comit\u00e9 de Gesti\u00f3n del Convenio Marco eligi\u00f3 al ente ejecutor que estar\u00e1 a cargo de la entrega de tarjetas de uso m\u00faltiple por un valor de S\/ 1000 en la provincia de Espinar.<\/p>\n<p>Se trata de la empresa Edenred, propuesta del Ministerio de la Producci\u00f3n (Produce), que logr\u00f3 obtener cinco votos a favor y uno en contra.<\/p>\n<p>Durante la sesi\u00f3n que se realiz\u00f3 a puerta cerrada, los representantes de la cuenca Capi\u00f1\u00eda, Federaci\u00f3n Unificada de Campesinos de Espinar, Asociaci\u00f3n de Urbanizaciones y Pueblos J\u00f3venes de Espinar, cuenca r\u00edo Salado, alcaldes distritales y Frente \u00danico de Defensa de los Intereses de Espinar exigieron que se notifique a Edenred y se firme de inmediato el convenio con dicha empresa. Esto para evitar la demora en la entrega del bono, a trav\u00e9s de las tarjetas de uso m\u00faltiple, de acuerdo al cronograma y plazo establecido.<\/p>\n<p>De igual manera, emplazaron a los representantes de la empresa minera Antapaccay a no poner m\u00e1s trabas en la ejecuci\u00f3n del proyecto \u201cMejoramiento de servicio de capacidades socioecon\u00f3micas para la reactivaci\u00f3n econ\u00f3mica familiar frente a la situaci\u00f3n de emergencia COVID-19 en los 8 distritos\u201d, el cual sustenta la entrega de las tarjetas con un presupuesto total de S\/ 44 millones con dinero del Convenio Marco.<\/p>\n<p>El objetivo del subsidio es atender, de manera excepcional, a la poblaci\u00f3n espinarense que atraviesa una crisis econ\u00f3mica por efecto de la pandemia del COVID-19.<\/p>\n<p>Por su parte, el gerente de Relaciones Comunitarias de la empresa minera, Livio Paliza, quien estuvo presente en la reuni\u00f3n, precis\u00f3 que es necesario definir un soporte t\u00e9cnico por distrito, un equipo supervisor y un cronograma antes de la entrega del bono.<\/p>\n<p>Adem\u00e1s, manifest\u00f3 que dar\u00e1 las facilidades del caso; sin embargo, plante\u00f3 rediscutir en una pr\u00f3xima sesi\u00f3n la elecci\u00f3n de los beneficiarios y beneficiarias, pese a que este punto ya se ha discutido en el Comit\u00e9 de Gesti\u00f3n del Convenio Marco y se ha llegado a un acuerdo meses atr\u00e1s.<\/p>\n<p>Esta sesi\u00f3n dur\u00f3 m\u00e1s de 5 horas y solo la parte de la votaci\u00f3n para elegir al ente ejecutor se transmiti\u00f3 en vivo. Por lo tanto, muchos espectadores no entendieron la votaci\u00f3n; puesto que, desconoc\u00edan a las empresas postoras y sus propuestas.<\/p>\n<p>Como es p\u00fablico, el alcalde provincial de Espinar, Lolo Arenas, fue internado hace semanas en una cl\u00ednica de Arequipa tras contagiarse con coronavirus; raz\u00f3n por la cual, no particip\u00f3 ayer de la reuni\u00f3n como presidente del Comit\u00e9 de Gesti\u00f3n del Convenio Marco. Su lugar fue asumido por el representante del Frente \u00danico de Defensa de los Intereses de Espinar.<\/p>\n<p>Vale precisar que ya no existe la participaci\u00f3n del Comit\u00e9 Provincial de Lucha de Espinar, por lo que la elecci\u00f3n de la empresa Edenred se realiz\u00f3 mediante el Comit\u00e9 de Gesti\u00f3n del Convenio Marco, instancia de la cual no es parte integrante.<\/p>\n<p>La provincia de Espinar se mantuvo en huelga indefinida por casi un mes en protesta contra la empresa minera Antapaccay cuyos directivos se negaban a cumplir con el acuerdo de la entrega de un subsidio econ\u00f3mico de S\/ 1000.\u00a0 Luego de 23 d\u00edas, <a href=\"https:\/\/derechosinfronteras.pe\/ingles\/resultados-de-la-mesa-de-dialogo-en-espinar-aplazan-agenda-de-los-afectados-por-metales-toxicos-y-restringen-participacion-de-la-sociedad-civil\/\">la poblaci\u00f3n acord\u00f3 levantar el paro indefinido<\/a> al llegar a un acuerdo con Antapaccay que establece la entrega de tarjetas de uso m\u00faltiple por un valor de S\/ 1000.<\/p>\n<p>En la plataforma de lucha tambi\u00e9n se incluyeron otras demandas que a\u00fan no han sido atendidas por las autoridades de los diferentes niveles.<\/p>\n<p>&nbsp;<\/p>","protected":false},"excerpt":{"rendered":"<p>Redacci\u00f3n DHSF Tras un mes de haber llegado a un acuerdo la poblaci\u00f3n manifestante y la empresa minera Antapaccay, reci\u00e9n ayer el Comit\u00e9 de Gesti\u00f3n del Convenio Marco eligi\u00f3 al ente ejecutor que estar\u00e1 a cargo de la entrega de tarjetas de uso m\u00faltiple por un valor de S\/ 1000 en la provincia de Espinar. [&hellip;]<\/p>\n","protected":false},"author":1,"featured_media":3811,"comment_status":"open","ping_status":"open","sticky":false,"template":"","format":"standard","meta":{"_monsterinsights_skip_tracking":false,"_monsterinsights_sitenote_active":false,"_monsterinsights_sitenote_note":"","_monsterinsights_sitenote_category":0,"_jetpack_memberships_contains_paid_content":false,"footnotes":"","jetpack_publicize_message":"","jetpack_publicize_feature_enabled":true,"jetpack_social_post_already_shared":false,"jetpack_social_options":{"image_generator_settings":{"template":"highway","default_image_id":0,"font":"","enabled":false},"version":2}},"categories":[1],"tags":[],"class_list":["post-3810","post","type-post","status-publish","format-standard","has-post-thumbnail","hentry","category-sin-categoria"],"blocksy_meta":[],"jetpack_publicize_connections":[],"jetpack_featured_media_url":"https:\/\/derechosinfronteras.pe\/wp-content\/uploads\/2020\/09\/NOTA-ESPINAR-9-DE-SETIEMBRE.jpg","jetpack_sharing_enabled":true,"jetpack_likes_enabled":true,"_links":{"self":[{"href":"https:\/\/derechosinfronteras.pe\/ingles\/wp-json\/wp\/v2\/posts\/3810","targetHints":{"allow":["GET"]}}],"collection":[{"href":"https:\/\/derechosinfronteras.pe\/ingles\/wp-json\/wp\/v2\/posts"}],"about":[{"href":"https:\/\/derechosinfronteras.pe\/ingles\/wp-json\/wp\/v2\/types\/post"}],"author":[{"embeddable":true,"href":"https:\/\/derechosinfronteras.pe\/ingles\/wp-json\/wp\/v2\/users\/1"}],"replies":[{"embeddable":true,"href":"https:\/\/derechosinfronteras.pe\/ingles\/wp-json\/wp\/v2\/comments?post=3810"}],"version-history":[{"count":0,"href":"https:\/\/derechosinfronteras.pe\/ingles\/wp-json\/wp\/v2\/posts\/3810\/revisions"}],"wp:featuredmedia":[{"embeddable":true,"href":"https:\/\/derechosinfronteras.pe\/ingles\/wp-json\/wp\/v2\/media\/3811"}],"wp:attachment":[{"href":"https:\/\/derechosinfronteras.pe\/ingles\/wp-json\/wp\/v2\/media?parent=3810"}],"wp:term":[{"taxonomy":"category","embeddable":true,"href":"https:\/\/derechosinfronteras.pe\/ingles\/wp-json\/wp\/v2\/categories?post=3810"},{"taxonomy":"post_tag","embeddable":true,"href":"https:\/\/derechosinfronteras.pe\/ingles\/wp-json\/wp\/v2\/tags?post=3810"}],"curies":[{"name":"wp","href":"https:\/\/api.w.org\/{rel}","templated":true}]}}