{"id":3812,"date":"2020-09-07T14:57:03","date_gmt":"2020-09-07T19:57:03","guid":{"rendered":"http:\/\/derechosinfronteras.pe\/?p=6648"},"modified":"2020-09-07T14:57:03","modified_gmt":"2020-09-07T19:57:03","slug":"congreso-debatira-proyecto-de-ley-que-busca-incluir-a-victimas-de-violencia-sexual","status":"publish","type":"post","link":"https:\/\/derechosinfronteras.pe\/ingles\/congreso-debatira-proyecto-de-ley-que-busca-incluir-a-victimas-de-violencia-sexual\/","title":{"rendered":"Congreso debatir\u00e1 proyecto de ley que busca incluir a v\u00edctimas de violencia sexual en el PIR"},"content":{"rendered":"<p>Redacci\u00f3n DHSF<\/p>\n<p>El \u201cPleno Mujer\u201d del Congreso de la Rep\u00fablica reprogram\u00f3 para hoy en la tarde el debate del proyecto de ley que plantea modificar dos art\u00edculos de la Ley N\u00b0 28592, Ley del Plan Integral de Reparaciones (PIR). Esto debido a que el s\u00e1bado \u00faltimo, fecha en que se realiz\u00f3 la sesi\u00f3n, no alcanz\u00f3 el tiempo para abordar todos los puntos de la agenda, entre ellos el PIR.<\/p>\n<p>La modificatoria del art\u00edculo 3 y el literal b) del art\u00edculo 6 busca reconocer el derecho a reparaci\u00f3n a las v\u00edctimas de todas las formas de violencia sexual producidas durante el periodo de violencia de 1980 &#8211; 2000, incluidas las v\u00edctimas y sobrevivientes de esterilizaciones forzadas. De esta manera, este grupo de mujeres podr\u00e1 tener acceso a reparaciones en salud, entre otros.<\/p>\n<p>Este Proyecto de Ley N\u00b0 923\/2016-CR cuenta con un dictamen favorable de la Comisi\u00f3n de Justicia y Derechos Humanos desde el pasado 13 de junio de 2017. Luego de 3 a\u00f1os, volver\u00e1 a entrar a debate a solicitud de la congresista Roc\u00edo Silva Santisteban.<\/p>\n<p>DETALLES DE LA MODIFICACI\u00d3N<\/p>\n<p>El proyecto de ley propone la modificatoria de la definici\u00f3n de v\u00edctima y considera a nuevas v\u00edctimas directas tal como se muestra a continuaci\u00f3n:<\/p>\n<figure id=\"attachment_6649\" aria-describedby=\"caption-attachment-6649\" style=\"width: 655px\" class=\"wp-caption alignnone\"><img fetchpriority=\"high\" decoding=\"async\" class=\"size-full wp-image-6649\" src=\"http:\/\/derechosinfronteras.pe\/wp-content\/uploads\/2020\/09\/pryecto-de-ley.jpg\" alt=\"\" width=\"655\" height=\"399\" \/><figcaption id=\"caption-attachment-6649\" class=\"wp-caption-text\">Proyecto de ley<\/figcaption><\/figure>","protected":false},"excerpt":{"rendered":"<p>Redacci\u00f3n DHSF El \u201cPleno Mujer\u201d del Congreso de la Rep\u00fablica reprogram\u00f3 para hoy en la tarde el debate del proyecto de ley que plantea modificar dos art\u00edculos de la Ley N\u00b0 28592, Ley del Plan Integral de Reparaciones (PIR). Esto debido a que el s\u00e1bado \u00faltimo, fecha en que se realiz\u00f3 la sesi\u00f3n, no alcanz\u00f3 [&hellip;]<\/p>\n","protected":false},"author":1,"featured_media":3813,"comment_status":"open","ping_status":"open","sticky":false,"template":"","format":"standard","meta":{"_monsterinsights_skip_tracking":false,"_monsterinsights_sitenote_active":false,"_monsterinsights_sitenote_note":"","_monsterinsights_sitenote_category":0,"_jetpack_memberships_contains_paid_content":false,"footnotes":"","jetpack_publicize_message":"","jetpack_publicize_feature_enabled":true,"jetpack_social_post_already_shared":false,"jetpack_social_options":{"image_generator_settings":{"template":"highway","default_image_id":0,"font":"","enabled":false},"version":2}},"categories":[1],"tags":[],"class_list":["post-3812","post","type-post","status-publish","format-standard","has-post-thumbnail","hentry","category-sin-categoria"],"blocksy_meta":[],"jetpack_publicize_connections":[],"jetpack_featured_media_url":"https:\/\/derechosinfronteras.pe\/wp-content\/uploads\/2020\/09\/NO-TA-DEBATE-PLENO-MUJER.jpg","jetpack_sharing_enabled":true,"jetpack_likes_enabled":true,"_links":{"self":[{"href":"https:\/\/derechosinfronteras.pe\/ingles\/wp-json\/wp\/v2\/posts\/3812","targetHints":{"allow":["GET"]}}],"collection":[{"href":"https:\/\/derechosinfronteras.pe\/ingles\/wp-json\/wp\/v2\/posts"}],"about":[{"href":"https:\/\/derechosinfronteras.pe\/ingles\/wp-json\/wp\/v2\/types\/post"}],"author":[{"embeddable":true,"href":"https:\/\/derechosinfronteras.pe\/ingles\/wp-json\/wp\/v2\/users\/1"}],"replies":[{"embeddable":true,"href":"https:\/\/derechosinfronteras.pe\/ingles\/wp-json\/wp\/v2\/comments?post=3812"}],"version-history":[{"count":0,"href":"https:\/\/derechosinfronteras.pe\/ingles\/wp-json\/wp\/v2\/posts\/3812\/revisions"}],"wp:featuredmedia":[{"embeddable":true,"href":"https:\/\/derechosinfronteras.pe\/ingles\/wp-json\/wp\/v2\/media\/3813"}],"wp:attachment":[{"href":"https:\/\/derechosinfronteras.pe\/ingles\/wp-json\/wp\/v2\/media?parent=3812"}],"wp:term":[{"taxonomy":"category","embeddable":true,"href":"https:\/\/derechosinfronteras.pe\/ingles\/wp-json\/wp\/v2\/categories?post=3812"},{"taxonomy":"post_tag","embeddable":true,"href":"https:\/\/derechosinfronteras.pe\/ingles\/wp-json\/wp\/v2\/tags?post=3812"}],"curies":[{"name":"wp","href":"https:\/\/api.w.org\/{rel}","templated":true}]}}