{"id":3815,"date":"2020-09-04T17:42:31","date_gmt":"2020-09-04T22:42:31","guid":{"rendered":"http:\/\/derechosinfronteras.pe\/?p=6640"},"modified":"2020-09-04T17:42:31","modified_gmt":"2020-09-04T22:42:31","slug":"organizaciones-alemanas-se-pronuncian-en-solidaridad-con-espinar-2","status":"publish","type":"post","link":"https:\/\/derechosinfronteras.pe\/ingles\/organizaciones-alemanas-se-pronuncian-en-solidaridad-con-espinar-2\/","title":{"rendered":"ORGANIZACIONES ALEMANAS SE PRONUNCIAN EN SOLIDARIDAD CON ESPINAR"},"content":{"rendered":"<p>Redacci\u00f3n DHSF<\/p>\n<p>Organizaciones sociales de Alemania, env\u00edan carta a embajada de Per\u00fa solicitando investigar violaciones a los Derechos Humanos ocurridas en la provincia de Espinar durante la protesta social por exigencia de un bono solidaria a empresa minera Antapaccay.<\/p>\n<p>\u201cDesde la Campa\u00f1a Per\u00fa Pa\u00eds Minero, organizaciones sociales y de la iglesia, nos dirigimos a su Embajada para manifestar nuestra preocupaci\u00f3n por las violaciones de Derechos Humanos ocurridas en la provincia de Espinar, regi\u00f3n Cusco\u201d, inicia la carta firmada por organizaciones como MISERIOR, quienes piden adem\u00e1s adoptar todas las medidas necesarias para garantizar la gesti\u00f3n de los defensores de Derechos Humanos.<\/p>\n<p>Este documento firmado por Silvia Bodemer, Heinz Schilze y Rodrigo da Silva, fue enviado el 2 de setiembre del presente a\u00f1o, en el marco de la campa\u00f1a #EspinarContraLaImpunidad.<\/p>\n<p>Aqu\u00ed el enlace de la carta de solicitud:\u00a0https:\/\/www.freiburg-peru.de\/html\/aktuell\/aktuell_aktuell_u.html?artikel=130232&amp;cb-id=12156398&amp;m=49074<\/p>\n<p><img fetchpriority=\"high\" decoding=\"async\" class=\"alignnone size-large wp-image-6642\" src=\"http:\/\/derechosinfronteras.pe\/wp-content\/uploads\/2020\/09\/200902_carta_embajada_espinar_page-0001-1-725x1024.jpg\" alt=\"\" width=\"725\" height=\"1024\" \/><\/p>","protected":false},"excerpt":{"rendered":"<p>Redacci\u00f3n DHSF Organizaciones sociales de Alemania, env\u00edan carta a embajada de Per\u00fa solicitando investigar violaciones a los Derechos Humanos ocurridas en la provincia de Espinar durante la protesta social por exigencia de un bono solidaria a empresa minera Antapaccay. \u201cDesde la Campa\u00f1a Per\u00fa Pa\u00eds Minero, organizaciones sociales y de la iglesia, nos dirigimos a su [&hellip;]<\/p>\n","protected":false},"author":1,"featured_media":3816,"comment_status":"open","ping_status":"open","sticky":false,"template":"","format":"standard","meta":{"_monsterinsights_skip_tracking":false,"_monsterinsights_sitenote_active":false,"_monsterinsights_sitenote_note":"","_monsterinsights_sitenote_category":0,"_jetpack_memberships_contains_paid_content":false,"footnotes":"","jetpack_publicize_message":"","jetpack_publicize_feature_enabled":true,"jetpack_social_post_already_shared":false,"jetpack_social_options":{"image_generator_settings":{"template":"highway","default_image_id":0,"font":"","enabled":false},"version":2}},"categories":[1],"tags":[],"class_list":["post-3815","post","type-post","status-publish","format-standard","has-post-thumbnail","hentry","category-sin-categoria"],"blocksy_meta":[],"jetpack_publicize_connections":[],"jetpack_featured_media_url":"https:\/\/derechosinfronteras.pe\/wp-content\/uploads\/2020\/09\/plantilla-notas-web-copia-1.jpg","jetpack_sharing_enabled":true,"jetpack_likes_enabled":true,"_links":{"self":[{"href":"https:\/\/derechosinfronteras.pe\/ingles\/wp-json\/wp\/v2\/posts\/3815","targetHints":{"allow":["GET"]}}],"collection":[{"href":"https:\/\/derechosinfronteras.pe\/ingles\/wp-json\/wp\/v2\/posts"}],"about":[{"href":"https:\/\/derechosinfronteras.pe\/ingles\/wp-json\/wp\/v2\/types\/post"}],"author":[{"embeddable":true,"href":"https:\/\/derechosinfronteras.pe\/ingles\/wp-json\/wp\/v2\/users\/1"}],"replies":[{"embeddable":true,"href":"https:\/\/derechosinfronteras.pe\/ingles\/wp-json\/wp\/v2\/comments?post=3815"}],"version-history":[{"count":0,"href":"https:\/\/derechosinfronteras.pe\/ingles\/wp-json\/wp\/v2\/posts\/3815\/revisions"}],"wp:featuredmedia":[{"embeddable":true,"href":"https:\/\/derechosinfronteras.pe\/ingles\/wp-json\/wp\/v2\/media\/3816"}],"wp:attachment":[{"href":"https:\/\/derechosinfronteras.pe\/ingles\/wp-json\/wp\/v2\/media?parent=3815"}],"wp:term":[{"taxonomy":"category","embeddable":true,"href":"https:\/\/derechosinfronteras.pe\/ingles\/wp-json\/wp\/v2\/categories?post=3815"},{"taxonomy":"post_tag","embeddable":true,"href":"https:\/\/derechosinfronteras.pe\/ingles\/wp-json\/wp\/v2\/tags?post=3815"}],"curies":[{"name":"wp","href":"https:\/\/api.w.org\/{rel}","templated":true}]}}