{"id":3817,"date":"2020-09-01T18:08:39","date_gmt":"2020-09-01T23:08:39","guid":{"rendered":"http:\/\/derechosinfronteras.pe\/?p=6631"},"modified":"2023-12-28T20:31:53","modified_gmt":"2023-12-29T01:31:53","slug":"plataforma-europa-peru-pide-investigacion-al-estado-peruano-por-el-caso-espinar","status":"publish","type":"post","link":"https:\/\/derechosinfronteras.pe\/ingles\/plataforma-europa-peru-pide-investigacion-al-estado-peruano-por-el-caso-espinar\/","title":{"rendered":"PLATAFORMA EUROPA PER\u00da PIDE AL ESTADO PERUANO SE INVESTIGUE CASO ESPINAR"},"content":{"rendered":"<p>Redacci\u00f3n DHSF<\/p>\n<p>La Plataforma Europa Per\u00fa \u2013 PEP emiti\u00f3 un comunicado donde muestra su preocupaci\u00f3n por las violaciones de Derechos Humanos ocurridas en la provincia de Espinar, provincia de Cusco, durante las movilizaciones sociales por el bono solidario ante la empresa minera Antapaccay.<br \/>\nEste documento fue presentado a las embajadas de Espa\u00f1a e Inglaterra, solicitando que se pronuncien e insten al gobierno peruano para que realice la investigaci\u00f3n correspondiente a estos hechos, buscando as\u00ed identificar a los responsables de dichas agresiones.<\/p>\n<p>Seg\u00fan el reporte de Derechos Humanos Sin Fronteras (DHSF) y la Coordinadora Nacional de Derechos Humanos (CNDH), fueron 3 los heridos de balas, 6 con perdigones y 28 con lesiones m\u00faltiples, qui\u00e9nes resultaron agredidos por la Polic\u00eda Nacional en la protesta social de Espinar que dur\u00f3 24 d\u00edas.<br \/>\nAs\u00ed mismo, este documento solicita que el Per\u00fa implemente reformas institucionales que garanticen la gesti\u00f3n adecuada de manifestaciones, \u201ccontrolando y fiscalizando el uso desproporcionado de la fuerza de parte de la Polic\u00eda y las Fuerzas Armadas.\u201d<br \/>\nFinaliza, pidiendo adoptar medidas de protecci\u00f3n para los defensores y defensoras de Derechos Humanos en nuestro pa\u00eds, en el marco de los diferentes conflictos sociales.<\/p>\n Carta enviada a la Embajada de Espa\u00f1a","protected":false},"excerpt":{"rendered":"<p>Redacci\u00f3n DHSF La Plataforma Europa Per\u00fa \u2013 PEP emiti\u00f3 un comunicado donde muestra su preocupaci\u00f3n por las violaciones de Derechos Humanos ocurridas en la provincia de Espinar, provincia de Cusco, durante las movilizaciones sociales por el bono solidario ante la empresa minera Antapaccay. Este documento fue presentado a las embajadas de Espa\u00f1a e Inglaterra, solicitando [&hellip;]<\/p>\n","protected":false},"author":1,"featured_media":3818,"comment_status":"open","ping_status":"open","sticky":false,"template":"","format":"standard","meta":{"_monsterinsights_skip_tracking":false,"_monsterinsights_sitenote_active":false,"_monsterinsights_sitenote_note":"","_monsterinsights_sitenote_category":0,"_jetpack_memberships_contains_paid_content":false,"footnotes":"","jetpack_publicize_message":"","jetpack_publicize_feature_enabled":true,"jetpack_social_post_already_shared":false,"jetpack_social_options":{"image_generator_settings":{"template":"highway","default_image_id":0,"font":"","enabled":false},"version":2}},"categories":[1],"tags":[],"class_list":["post-3817","post","type-post","status-publish","format-standard","has-post-thumbnail","hentry","category-sin-categoria"],"blocksy_meta":[],"jetpack_publicize_connections":[],"jetpack_featured_media_url":"https:\/\/derechosinfronteras.pe\/wp-content\/uploads\/2020\/09\/web.jpg","jetpack_sharing_enabled":true,"jetpack_likes_enabled":true,"_links":{"self":[{"href":"https:\/\/derechosinfronteras.pe\/ingles\/wp-json\/wp\/v2\/posts\/3817","targetHints":{"allow":["GET"]}}],"collection":[{"href":"https:\/\/derechosinfronteras.pe\/ingles\/wp-json\/wp\/v2\/posts"}],"about":[{"href":"https:\/\/derechosinfronteras.pe\/ingles\/wp-json\/wp\/v2\/types\/post"}],"author":[{"embeddable":true,"href":"https:\/\/derechosinfronteras.pe\/ingles\/wp-json\/wp\/v2\/users\/1"}],"replies":[{"embeddable":true,"href":"https:\/\/derechosinfronteras.pe\/ingles\/wp-json\/wp\/v2\/comments?post=3817"}],"version-history":[{"count":1,"href":"https:\/\/derechosinfronteras.pe\/ingles\/wp-json\/wp\/v2\/posts\/3817\/revisions"}],"predecessor-version":[{"id":7031,"href":"https:\/\/derechosinfronteras.pe\/ingles\/wp-json\/wp\/v2\/posts\/3817\/revisions\/7031"}],"wp:featuredmedia":[{"embeddable":true,"href":"https:\/\/derechosinfronteras.pe\/ingles\/wp-json\/wp\/v2\/media\/3818"}],"wp:attachment":[{"href":"https:\/\/derechosinfronteras.pe\/ingles\/wp-json\/wp\/v2\/media?parent=3817"}],"wp:term":[{"taxonomy":"category","embeddable":true,"href":"https:\/\/derechosinfronteras.pe\/ingles\/wp-json\/wp\/v2\/categories?post=3817"},{"taxonomy":"post_tag","embeddable":true,"href":"https:\/\/derechosinfronteras.pe\/ingles\/wp-json\/wp\/v2\/tags?post=3817"}],"curies":[{"name":"wp","href":"https:\/\/api.w.org\/{rel}","templated":true}]}}