{"id":3819,"date":"2020-08-28T16:30:56","date_gmt":"2020-08-28T21:30:56","guid":{"rendered":"http:\/\/derechosinfronteras.pe\/?p=6628"},"modified":"2020-08-28T16:30:56","modified_gmt":"2020-08-28T21:30:56","slug":"espinar-anuncia-teleton-para-adquirir-insumos-y-equipos-de-tratamiento-contra-el-covid-19","status":"publish","type":"post","link":"https:\/\/derechosinfronteras.pe\/ingles\/espinar-anuncia-teleton-para-adquirir-insumos-y-equipos-de-tratamiento-contra-el-covid-19\/","title":{"rendered":"Espinar anuncia telet\u00f3n para adquirir insumos y equipos de tratamiento contra el COVID-19"},"content":{"rendered":"<p>Redacci\u00f3n DHSF<\/p>\n<p>La provincia de Espinar iniciar\u00e1 a partir de ma\u00f1ana una telet\u00f3n con el prop\u00f3sito de recaudar fondos para adquirir kits de medicamentos y equipos de bioseguridad y de ox\u00edgeno, de esa manera, garantizar el abastecimiento de insumos para los pacientes con COVID-19 y personal de salud que est\u00e1 en la primera l\u00ednea de respuesta.<\/p>\n<p>Esta iniciativa de solidaridad fue anunciada esta ma\u00f1ana por el p\u00e1rroco de la iglesia Santa Ana de Espinar, David Garate Salinas, quien estuvo en compa\u00f1\u00eda de diversas organizaciones sociales y sociedad civil durante una conferencia de prensa.<\/p>\n<p>El sacerdote invit\u00f3 a los medios de comunicaci\u00f3n a colaborar con la difusi\u00f3n del evento ben\u00e9fico. Asimismo, hizo un llamado a la poblaci\u00f3n en general a participar con la entrega de todo tipo de donativos.<\/p>\n<p>La colecta, denominada Telet\u00f3n Esperanza y Vida para Espinar, finalizar\u00e1 el pr\u00f3ximo 12 de septiembre. Si usted desea apoyar, puede dejar su donaci\u00f3n dentro de las \u00e1nforas que ser\u00e1n instaladas en diferentes puntos del distrito de Yauri o en la misma parroquia. Adem\u00e1s, desde ma\u00f1ana se har\u00e1 p\u00fablico un n\u00famero de cuenta bancaria para los aportes monetarios.<\/p>\n<p>Vale precisar que la cifra de contagios por coronavirus sigue en aumento en nuestra regi\u00f3n. En la provincia de Espinar se han confirmado 472 casos positivos y 13 muertos,\u00a0seg\u00fan el reporte de fecha 27 de agosto de la Red de Salud Canas Canchis Espinar.\u00a0A la fecha en la regi\u00f3n Cusco hay 27 mil 948 casos y 674 muertos a causa del COVID-19.\u00a0En este contexto, la sociedad civil organizada decidi\u00f3 realizar la telet\u00f3n como una muestra de solidaridad en medio de la pandemia.<\/p>","protected":false},"excerpt":{"rendered":"<p>Redacci\u00f3n DHSF La provincia de Espinar iniciar\u00e1 a partir de ma\u00f1ana una telet\u00f3n con el prop\u00f3sito de recaudar fondos para adquirir kits de medicamentos y equipos de bioseguridad y de ox\u00edgeno, de esa manera, garantizar el abastecimiento de insumos para los pacientes con COVID-19 y personal de salud que est\u00e1 en la primera l\u00ednea de [&hellip;]<\/p>\n","protected":false},"author":1,"featured_media":3820,"comment_status":"open","ping_status":"open","sticky":false,"template":"","format":"standard","meta":{"_monsterinsights_skip_tracking":false,"_monsterinsights_sitenote_active":false,"_monsterinsights_sitenote_note":"","_monsterinsights_sitenote_category":0,"_jetpack_memberships_contains_paid_content":false,"footnotes":"","jetpack_publicize_message":"","jetpack_publicize_feature_enabled":true,"jetpack_social_post_already_shared":false,"jetpack_social_options":{"image_generator_settings":{"template":"highway","default_image_id":0,"font":"","enabled":false},"version":2}},"categories":[1],"tags":[],"class_list":["post-3819","post","type-post","status-publish","format-standard","has-post-thumbnail","hentry","category-sin-categoria"],"blocksy_meta":[],"jetpack_publicize_connections":[],"jetpack_featured_media_url":"https:\/\/derechosinfronteras.pe\/wp-content\/uploads\/2020\/08\/NOTITA-ESPINAR-COLECTA.jpg","jetpack_sharing_enabled":true,"jetpack_likes_enabled":true,"_links":{"self":[{"href":"https:\/\/derechosinfronteras.pe\/ingles\/wp-json\/wp\/v2\/posts\/3819","targetHints":{"allow":["GET"]}}],"collection":[{"href":"https:\/\/derechosinfronteras.pe\/ingles\/wp-json\/wp\/v2\/posts"}],"about":[{"href":"https:\/\/derechosinfronteras.pe\/ingles\/wp-json\/wp\/v2\/types\/post"}],"author":[{"embeddable":true,"href":"https:\/\/derechosinfronteras.pe\/ingles\/wp-json\/wp\/v2\/users\/1"}],"replies":[{"embeddable":true,"href":"https:\/\/derechosinfronteras.pe\/ingles\/wp-json\/wp\/v2\/comments?post=3819"}],"version-history":[{"count":0,"href":"https:\/\/derechosinfronteras.pe\/ingles\/wp-json\/wp\/v2\/posts\/3819\/revisions"}],"wp:featuredmedia":[{"embeddable":true,"href":"https:\/\/derechosinfronteras.pe\/ingles\/wp-json\/wp\/v2\/media\/3820"}],"wp:attachment":[{"href":"https:\/\/derechosinfronteras.pe\/ingles\/wp-json\/wp\/v2\/media?parent=3819"}],"wp:term":[{"taxonomy":"category","embeddable":true,"href":"https:\/\/derechosinfronteras.pe\/ingles\/wp-json\/wp\/v2\/categories?post=3819"},{"taxonomy":"post_tag","embeddable":true,"href":"https:\/\/derechosinfronteras.pe\/ingles\/wp-json\/wp\/v2\/tags?post=3819"}],"curies":[{"name":"wp","href":"https:\/\/api.w.org\/{rel}","templated":true}]}}