{"id":3824,"date":"2020-08-25T21:46:17","date_gmt":"2020-08-26T02:46:17","guid":{"rendered":"http:\/\/derechosinfronteras.pe\/?p=6617"},"modified":"2020-08-25T21:46:17","modified_gmt":"2020-08-26T02:46:17","slug":"alcalde-de-espinar-es-internado-en-arequipa-tras-dar-positivo-a-covid-19","status":"publish","type":"post","link":"https:\/\/derechosinfronteras.pe\/ingles\/alcalde-de-espinar-es-internado-en-arequipa-tras-dar-positivo-a-covid-19\/","title":{"rendered":"Alcalde de Espinar es internado en Arequipa tras dar positivo a COVID-19"},"content":{"rendered":"<p>Redacci\u00f3n DHSF<\/p>\n<p>A trav\u00e9s de un comunicado, la Municipalidad Provincial de Espinar confirm\u00f3 que el alcalde Lolo Arenas Armendariz fue internado en un centro de salud de la ciudad de Arequipa tras dar positivo al coronavirus en la prueba molecular que se le practic\u00f3 y cuyo resultado se conoci\u00f3 hoy.<\/p>\n<p>D\u00edas atr\u00e1s, la familia de la autoridad intent\u00f3 internarlo en alg\u00fan hospital de Cusco, pero los hospitales se encuentran saturados y copados por el incremento de pacientes con COVID-19. Por tal raz\u00f3n, se evacu\u00f3 a Lolo Arenas a Arequipa.<\/p>\n<p>Por el momento, se desconoce el actual estado de salud del alcalde. La semana pasada se habr\u00eda suspendido la sesi\u00f3n de concejo en Espinar debido a los problemas de salud del burgomaestre.<\/p>\n<p>Esta situaci\u00f3n genera incertidumbre en Espinar ya que se tiene previsto para las siguientes semanas una serie de reuniones de la mesa de di\u00e1logo para abordar los puntos pendientes de la plataforma de lucha. Esto en el marco del paro provincial que dur\u00f3 24 d\u00edas en pleno estado de emergencia en protesta contra la empresa minera Antapaccay.<\/p>\n<p>Precisamente, Lolo Arenas integra la mesa de di\u00e1logo y a la vez es presidente del Comit\u00e9 de Gesti\u00f3n del Convenio Marco.<\/p>\n<p>LA PANDEMIA SIGUE AVANZANDO<\/p>\n<p>En la provincia de Espinar se han confirmado 395 casos positivos y 11 fallecidos producto del COVID-19, seg\u00fan el \u00faltimo reporte de la Red de Salud Canas Canchis Espinar de fecha 23 de agosto. El distrito de Yauri acumula el mayor n\u00famero de contagios, seguido de Pallpata y Pichigua con 338, 21 y 19, respectivamente.<\/p>\n<p>Hasta la fecha en nuestra regi\u00f3n hay 25 mil 991 contagiados y m\u00e1s de 600 fallecidos a causa del coronavirus.<\/p>\n<figure id=\"attachment_6618\" aria-describedby=\"caption-attachment-6618\" style=\"width: 720px\" class=\"wp-caption alignnone\"><img fetchpriority=\"high\" decoding=\"async\" class=\"size-full wp-image-6618\" src=\"http:\/\/derechosinfronteras.pe\/wp-content\/uploads\/2020\/08\/WhatsApp-Image-2020-08-25-at-8.07.38-PM.jpeg\" alt=\"\" width=\"720\" height=\"1019\" \/><figcaption id=\"caption-attachment-6618\" class=\"wp-caption-text\">Foto: comunicado de la municipalidad<\/figcaption><\/figure>\n<figure id=\"attachment_6619\" aria-describedby=\"caption-attachment-6619\" style=\"width: 314px\" class=\"wp-caption alignnone\"><img decoding=\"async\" class=\"size-full wp-image-6619\" src=\"http:\/\/derechosinfronteras.pe\/wp-content\/uploads\/2020\/08\/WhatsApp-Image-2020-08-25-at-8.36.58-PM.jpeg\" alt=\"\" width=\"314\" height=\"375\" \/><figcaption id=\"caption-attachment-6619\" class=\"wp-caption-text\">Foto: casos de COVID-19 en Espinar<\/figcaption><\/figure>","protected":false},"excerpt":{"rendered":"<p>Redacci\u00f3n DHSF A trav\u00e9s de un comunicado, la Municipalidad Provincial de Espinar confirm\u00f3 que el alcalde Lolo Arenas Armendariz fue internado en un centro de salud de la ciudad de Arequipa tras dar positivo al coronavirus en la prueba molecular que se le practic\u00f3 y cuyo resultado se conoci\u00f3 hoy. D\u00edas atr\u00e1s, la familia de [&hellip;]<\/p>\n","protected":false},"author":1,"featured_media":3825,"comment_status":"open","ping_status":"open","sticky":false,"template":"","format":"standard","meta":{"_monsterinsights_skip_tracking":false,"_monsterinsights_sitenote_active":false,"_monsterinsights_sitenote_note":"","_monsterinsights_sitenote_category":0,"_jetpack_memberships_contains_paid_content":false,"footnotes":"","jetpack_publicize_message":"","jetpack_publicize_feature_enabled":true,"jetpack_social_post_already_shared":false,"jetpack_social_options":{"image_generator_settings":{"template":"highway","default_image_id":0,"font":"","enabled":false},"version":2}},"categories":[1],"tags":[],"class_list":["post-3824","post","type-post","status-publish","format-standard","has-post-thumbnail","hentry","category-sin-categoria"],"blocksy_meta":[],"jetpack_publicize_connections":[],"jetpack_featured_media_url":"https:\/\/derechosinfronteras.pe\/wp-content\/uploads\/2020\/08\/LOLO-ARENAS-CON-COVID-19.jpg","jetpack_sharing_enabled":true,"jetpack_likes_enabled":true,"_links":{"self":[{"href":"https:\/\/derechosinfronteras.pe\/ingles\/wp-json\/wp\/v2\/posts\/3824","targetHints":{"allow":["GET"]}}],"collection":[{"href":"https:\/\/derechosinfronteras.pe\/ingles\/wp-json\/wp\/v2\/posts"}],"about":[{"href":"https:\/\/derechosinfronteras.pe\/ingles\/wp-json\/wp\/v2\/types\/post"}],"author":[{"embeddable":true,"href":"https:\/\/derechosinfronteras.pe\/ingles\/wp-json\/wp\/v2\/users\/1"}],"replies":[{"embeddable":true,"href":"https:\/\/derechosinfronteras.pe\/ingles\/wp-json\/wp\/v2\/comments?post=3824"}],"version-history":[{"count":0,"href":"https:\/\/derechosinfronteras.pe\/ingles\/wp-json\/wp\/v2\/posts\/3824\/revisions"}],"wp:featuredmedia":[{"embeddable":true,"href":"https:\/\/derechosinfronteras.pe\/ingles\/wp-json\/wp\/v2\/media\/3825"}],"wp:attachment":[{"href":"https:\/\/derechosinfronteras.pe\/ingles\/wp-json\/wp\/v2\/media?parent=3824"}],"wp:term":[{"taxonomy":"category","embeddable":true,"href":"https:\/\/derechosinfronteras.pe\/ingles\/wp-json\/wp\/v2\/categories?post=3824"},{"taxonomy":"post_tag","embeddable":true,"href":"https:\/\/derechosinfronteras.pe\/ingles\/wp-json\/wp\/v2\/tags?post=3824"}],"curies":[{"name":"wp","href":"https:\/\/api.w.org\/{rel}","templated":true}]}}