{"id":3828,"date":"2020-08-25T19:08:20","date_gmt":"2020-08-26T00:08:20","guid":{"rendered":"http:\/\/derechosinfronteras.pe\/?p=6611"},"modified":"2020-08-25T19:08:20","modified_gmt":"2020-08-26T00:08:20","slug":"gobierno-regional-fartac-y-junta-de-usuarios-se-unen-solicitando-declarar-en-estado-de-emergencia-al-sector-agrario-en-cusco","status":"publish","type":"post","link":"https:\/\/derechosinfronteras.pe\/ingles\/gobierno-regional-fartac-y-junta-de-usuarios-se-unen-solicitando-declarar-en-estado-de-emergencia-al-sector-agrario-en-cusco\/","title":{"rendered":"Gobierno Regional, FARTAC y Junta de usuarios se unen para solicitar Estado de Emergencia en el Agro"},"content":{"rendered":"<p>Redacci\u00f3n DHSF<\/p>\n<p>\u00bfQu\u00e9 ser\u00eda del Cusco sin el agro? Es la pregunta que se han venido haciendo diferentes organizaciones que impulsan el desarrollo sostenible de la agricultura en nuestra regi\u00f3n. Hoy, el Gobierno Regional se uni\u00f3 a estas exigencias planteando una solicitud formal al gobierno central, buscando declarar en Estado de Emergencia la agricultura en la regi\u00f3n.<\/p>\n<p>\u201cHay un grave riesgo de que el sector agrario entre en un momento de desabastecimiento, de que la campa\u00f1a 2020-2021 se encuentre en peligro, por lo tanto, si queremos garantizar la seguridad alimentaria del pr\u00f3ximo a\u00f1o, tenemos que reaccionar el d\u00eda de hoy\u201d, sostuvo el Gobernador Regional Jean Paul Benavente, qui\u00e9n se reuni\u00f3 esta tarde junto a representantes de las organizaciones agr\u00edcolas como la FARTAC y la Junta de Usuarios.<\/p>\n<p>Esta preocupaci\u00f3n viene siendo expresada desde las bases mismas del sector agr\u00edcola durante este periodo de crisis sanitaria por el COVID-19, tal como lo expresa Victor Ra\u00fal Maita, secretario General de la Federaci\u00f3n Agrario Revolucionaria Tupac Amaru de Cusco (FARTAC): \u201cEsta pandemia nos ha cogido en plena cosecha, y hemos tenido dificultades en cuanto a recolecci\u00f3n, transporte y comercializaci\u00f3n de nuestros productos. Se han malogrado nuestros productos como la papa y el ma\u00edz. Necesitamos semillas, necesitamos fertilizantes, necesitamos asistencia t\u00e9cnica\u201d.<\/p>\n<p>Seg\u00fan datos emitidos por el Gobernador Regional, en Cusco existen 300 mil unidades productivas, de las cu\u00e1les, por lo menos 250 mil son peque\u00f1as unidades, provenientes de la agricultura familiar. \u00c9ste ser\u00eda el grupo m\u00e1s golpeado por la pandemia, pues subsisten con menos de una hect\u00e1rea de terreno, y adem\u00e1s de producir para comerciar, tambi\u00e9n producen para su propia alimentaci\u00f3n.<\/p>\n<p>Si el campo no produce, la ciudad no come, reza la sabidur\u00eda popular. Esta frase no solo ha sido difundida sino tambi\u00e9n comprobada durante esta emergencia sanitaria, dando a conocer a los peruanos y peruanas que se puede vivir sin miner\u00eda, pero no sin agricultura.<\/p>\n<p>&nbsp;<\/p>","protected":false},"excerpt":{"rendered":"<p>Redacci\u00f3n DHSF \u00bfQu\u00e9 ser\u00eda del Cusco sin el agro? Es la pregunta que se han venido haciendo diferentes organizaciones que impulsan el desarrollo sostenible de la agricultura en nuestra regi\u00f3n. Hoy, el Gobierno Regional se uni\u00f3 a estas exigencias planteando una solicitud formal al gobierno central, buscando declarar en Estado de Emergencia la agricultura en [&hellip;]<\/p>\n","protected":false},"author":1,"featured_media":3829,"comment_status":"open","ping_status":"open","sticky":false,"template":"","format":"standard","meta":{"_monsterinsights_skip_tracking":false,"_monsterinsights_sitenote_active":false,"_monsterinsights_sitenote_note":"","_monsterinsights_sitenote_category":0,"_jetpack_memberships_contains_paid_content":false,"footnotes":"","jetpack_publicize_message":"","jetpack_publicize_feature_enabled":true,"jetpack_social_post_already_shared":false,"jetpack_social_options":{"image_generator_settings":{"template":"highway","default_image_id":0,"font":"","enabled":false},"version":2}},"categories":[1],"tags":[],"class_list":["post-3828","post","type-post","status-publish","format-standard","has-post-thumbnail","hentry","category-sin-categoria"],"blocksy_meta":[],"jetpack_publicize_connections":[],"jetpack_featured_media_url":"https:\/\/derechosinfronteras.pe\/wp-content\/uploads\/2020\/08\/NOTA.jpg","jetpack_sharing_enabled":true,"jetpack_likes_enabled":true,"_links":{"self":[{"href":"https:\/\/derechosinfronteras.pe\/ingles\/wp-json\/wp\/v2\/posts\/3828","targetHints":{"allow":["GET"]}}],"collection":[{"href":"https:\/\/derechosinfronteras.pe\/ingles\/wp-json\/wp\/v2\/posts"}],"about":[{"href":"https:\/\/derechosinfronteras.pe\/ingles\/wp-json\/wp\/v2\/types\/post"}],"author":[{"embeddable":true,"href":"https:\/\/derechosinfronteras.pe\/ingles\/wp-json\/wp\/v2\/users\/1"}],"replies":[{"embeddable":true,"href":"https:\/\/derechosinfronteras.pe\/ingles\/wp-json\/wp\/v2\/comments?post=3828"}],"version-history":[{"count":0,"href":"https:\/\/derechosinfronteras.pe\/ingles\/wp-json\/wp\/v2\/posts\/3828\/revisions"}],"wp:featuredmedia":[{"embeddable":true,"href":"https:\/\/derechosinfronteras.pe\/ingles\/wp-json\/wp\/v2\/media\/3829"}],"wp:attachment":[{"href":"https:\/\/derechosinfronteras.pe\/ingles\/wp-json\/wp\/v2\/media?parent=3828"}],"wp:term":[{"taxonomy":"category","embeddable":true,"href":"https:\/\/derechosinfronteras.pe\/ingles\/wp-json\/wp\/v2\/categories?post=3828"},{"taxonomy":"post_tag","embeddable":true,"href":"https:\/\/derechosinfronteras.pe\/ingles\/wp-json\/wp\/v2\/tags?post=3828"}],"curies":[{"name":"wp","href":"https:\/\/api.w.org\/{rel}","templated":true}]}}