{"id":3830,"date":"2020-08-21T18:02:47","date_gmt":"2020-08-21T23:02:47","guid":{"rendered":"http:\/\/derechosinfronteras.pe\/?p=6603"},"modified":"2020-08-21T18:02:47","modified_gmt":"2020-08-21T23:02:47","slug":"guia-para-sensibilizacion-frente-al-covid-19-descarga-en-pdf-2","status":"publish","type":"post","link":"https:\/\/derechosinfronteras.pe\/ingles\/guia-para-sensibilizacion-frente-al-covid-19-descarga-en-pdf-2\/","title":{"rendered":"GU\u00cdA PARA SENSIBILIZACI\u00d3N FRENTE AL COVID-19 (Descarga libre en PDF)"},"content":{"rendered":"<p>El COVID-19 sigue afectando a muchas personas en todo el mundo. Sin embargo, en las comunidades alto andinas de nuestro pa\u00eds, la situaci\u00f3n es m\u00e1s complicada por la falta de acceso a una atenci\u00f3n m\u00e9dica adecuada.<\/p>\n<p>Como respuesta, en muchas comunidades se han organizado para protegerse. Tomando acciones como la de cerrar sus fronteras, realizar un registro de personas para entregarlas a las postas y centros de salud, as\u00ed como apoyar a las Fuerzas Armadas en el resguardo de las carreteras.<\/p>\n<p>En ese sentido compartimos esta \u201cGu\u00eda para sensibilizaci\u00f3n frente al COVID-19\u201d elaborada por Derechos Humanos Sin Fronteras, buscando apoyar la labor de autocuidado que vienen desarrollando nuestros hermanos y hermanos pobladores de las zonas de nuestra regi\u00f3n Cusco y de otras partes del pa\u00eds que as\u00ed lo requieran.<\/p>\n<p>Los contenidos son: Prevenci\u00f3n y reacci\u00f3n ante el COVID-19, cuidado compartido, cuidado comunitario y vigilancia ciudadana.<\/p>\n<p>Este material de protecci\u00f3n frente a la pandemia, fue posible gracias al apoyo de instituciones como CAFOD, MISEREOR, BROEDERLIJK DELEN y ENTREPUEBLOS; y con la fundamental colaboraci\u00f3n de AVMAE (Asociaci\u00f3n de Vigilantes y Monitores Ambientales de Espinar) y FUJEK (Frente \u00danico de la Juventud Espinarense K\u2019ana).<\/p>\n<p>Enlace de descarga aqu\u00ed:<\/p>\n<p>[gview file=\u00bbhttp:\/\/derechosinfronteras.pe\/wp-content\/uploads\/2020\/08\/GUIA-FRENTE-A-COVID-2020-1.pdf\u00bb]<\/p>\n","protected":false},"excerpt":{"rendered":"<p>El COVID-19 sigue afectando a muchas personas en todo el mundo. Sin embargo, en las comunidades alto andinas de nuestro pa\u00eds, la situaci\u00f3n es m\u00e1s complicada por la falta de acceso a una atenci\u00f3n m\u00e9dica adecuada. Como respuesta, en muchas comunidades se han organizado para protegerse. Tomando acciones como la de cerrar sus fronteras, realizar [&hellip;]<\/p>\n","protected":false},"author":1,"featured_media":3831,"comment_status":"open","ping_status":"open","sticky":false,"template":"","format":"standard","meta":{"_monsterinsights_skip_tracking":false,"_monsterinsights_sitenote_active":false,"_monsterinsights_sitenote_note":"","_monsterinsights_sitenote_category":0,"_jetpack_memberships_contains_paid_content":false,"footnotes":"","jetpack_publicize_message":"","jetpack_publicize_feature_enabled":true,"jetpack_social_post_already_shared":false,"jetpack_social_options":{"image_generator_settings":{"template":"highway","default_image_id":0,"font":"","enabled":false},"version":2}},"categories":[1],"tags":[],"class_list":["post-3830","post","type-post","status-publish","format-standard","has-post-thumbnail","hentry","category-sin-categoria"],"blocksy_meta":[],"jetpack_publicize_connections":[],"jetpack_featured_media_url":"https:\/\/derechosinfronteras.pe\/wp-content\/uploads\/2020\/08\/VA2-scaled.jpg","jetpack_sharing_enabled":true,"jetpack_likes_enabled":true,"_links":{"self":[{"href":"https:\/\/derechosinfronteras.pe\/ingles\/wp-json\/wp\/v2\/posts\/3830","targetHints":{"allow":["GET"]}}],"collection":[{"href":"https:\/\/derechosinfronteras.pe\/ingles\/wp-json\/wp\/v2\/posts"}],"about":[{"href":"https:\/\/derechosinfronteras.pe\/ingles\/wp-json\/wp\/v2\/types\/post"}],"author":[{"embeddable":true,"href":"https:\/\/derechosinfronteras.pe\/ingles\/wp-json\/wp\/v2\/users\/1"}],"replies":[{"embeddable":true,"href":"https:\/\/derechosinfronteras.pe\/ingles\/wp-json\/wp\/v2\/comments?post=3830"}],"version-history":[{"count":0,"href":"https:\/\/derechosinfronteras.pe\/ingles\/wp-json\/wp\/v2\/posts\/3830\/revisions"}],"wp:featuredmedia":[{"embeddable":true,"href":"https:\/\/derechosinfronteras.pe\/ingles\/wp-json\/wp\/v2\/media\/3831"}],"wp:attachment":[{"href":"https:\/\/derechosinfronteras.pe\/ingles\/wp-json\/wp\/v2\/media?parent=3830"}],"wp:term":[{"taxonomy":"category","embeddable":true,"href":"https:\/\/derechosinfronteras.pe\/ingles\/wp-json\/wp\/v2\/categories?post=3830"},{"taxonomy":"post_tag","embeddable":true,"href":"https:\/\/derechosinfronteras.pe\/ingles\/wp-json\/wp\/v2\/tags?post=3830"}],"curies":[{"name":"wp","href":"https:\/\/api.w.org\/{rel}","templated":true}]}}