{"id":3834,"date":"2020-08-19T12:52:23","date_gmt":"2020-08-19T17:52:23","guid":{"rendered":"http:\/\/derechosinfronteras.pe\/?p=6530"},"modified":"2020-08-19T12:52:23","modified_gmt":"2020-08-19T17:52:23","slug":"heridos-de-bala-de-espinar-denuncian-a-pnp-por-lesiones-durante-protesta","status":"publish","type":"post","link":"https:\/\/derechosinfronteras.pe\/ingles\/heridos-de-bala-de-espinar-denuncian-a-pnp-por-lesiones-durante-protesta\/","title":{"rendered":"HERIDOS DE BALA DE ESPINAR ESPERAN RESPUESTA DE FISCALIA"},"content":{"rendered":"<p>Redacci\u00f3n DHSF<\/p>\n<p>Pobladores de Espinar heridos de balas, perdigones y bombas lacrim\u00f3genas, presentaron su denuncia por lesiones ante la Fiscalia de la Naci\u00f3n los d\u00edas\u00a024, 25, 27 28 de julio. Dichas lesiones fueron producto de la violenta represi\u00f3n policial durante los 24 d\u00edas de protesta que vivi\u00f3 la provincia, mientras exig\u00edan mejores mejores condiciones de negociaci\u00f3n ante la empresa minera Antapaccay. Entre los denunciantes se encuentran 3 menores de edad.<\/p>\n<p>El 20 de julio, Juana Apaza de 35 a\u00f1os fue afectada por una bomba lacrim\u00f3gena que\u00a0 casi le destroza el tobillo del pie izquierdo, la consecuencia es que\u00a0 cuando camina mucho o hace fr\u00edo, se le hincha el pie. Ella es el sustento de hogar, es\u00a0 madre soltera y\u00a0 comerciante: vende verduras y pese a su herida tiene que ir a trabajar para alimentar a sus hijos.<\/p>\n<p>El 22 de julio, Wilmer Ilachoque Ccolqque de 27 a\u00f1os junto a otros j\u00f3venes lleg\u00f3 a protestar a la zona de Tintaya-Marquiri donde se produjo un enfrentamiento. \u00c9l recibi\u00f3 un disparo de bala de la Polic\u00eda que\u00a0\u00a0 perfor\u00f3 su pierna derecha. Por suerte la bala entro y sali\u00f3, afectando \u00fanicamente a su muslo sin comprometer al hueso. Sin embargo, ahora est\u00e1 herido, no puede trabajar y no genera ingresos para pagar la alimentaci\u00f3n y educaci\u00f3n de sus hermanos menores. La Polic\u00eda intenta negar el uso de balas durante la represi\u00f3n, pero la m\u00e9dico cirujano del hospital de Espinar, Gloria C\u00e1rdenas, confirm\u00f3 en un testimonio a un medio local, que los heridos del 22 de julio eran de bala: \u00abLes est\u00e1n disparando, no perdigones, les est\u00e1n disparando balas. \u00a1Esto es indignante!\u00bb.<\/p>\n<p>Juan Carlos Ruiz Molleda, abogado de IDL-Instituto de Defensa Legal, explica que en el contexto del conflicto de\u00a0 espinar hay un\u00a0 <em>\u201cAndamiaje institucional compuesto por tres componentes; convenios entre minera y polic\u00eda, estados de emergencia preventivos sin acreditar que hay una grave afectaci\u00f3n al orden interno, y la existencia de normas penales que criminalizan la protesta\u201d\u00a0<\/em><\/p>\n<p>Los pliegos de reclamos por los cu\u00e1les se levantaron en protesta fueron: el beneficio del\u00a0 bono de S\/ 1000, la reformulaci\u00f3n del Convenio Marco, la anulaci\u00f3n del proyecto Integraci\u00f3n Ccoroccohuayco, atenci\u00f3n a las personas afectadas con metales pesados, entre otras demandas ignoradas por el estado y la minera desde hace mucho.<\/p>\n<figure id=\"attachment_6532\" aria-describedby=\"caption-attachment-6532\" style=\"width: 1024px\" class=\"wp-caption alignnone\"><img fetchpriority=\"high\" decoding=\"async\" class=\"wp-image-6532 size-large\" src=\"http:\/\/derechosinfronteras.pe\/wp-content\/uploads\/2020\/08\/2-1024x683.jpg\" alt=\"\" width=\"1024\" height=\"683\" \/><figcaption id=\"caption-attachment-6532\" class=\"wp-caption-text\">Evarista muestra la radiograf\u00eda de las piernas de su hijo Wilmer Ilachoque Ccolqque, de 27 a\u00f1os, qui\u00e9n recibi\u00f3 un disparo en la pierna.<\/figcaption><\/figure>\n<figure id=\"attachment_6533\" aria-describedby=\"caption-attachment-6533\" style=\"width: 683px\" class=\"wp-caption alignnone\"><img decoding=\"async\" class=\"wp-image-6533 size-large\" src=\"http:\/\/derechosinfronteras.pe\/wp-content\/uploads\/2020\/08\/3-683x1024.jpg\" alt=\"\" width=\"683\" height=\"1024\" \/><figcaption id=\"caption-attachment-6533\" class=\"wp-caption-text\">Juana Apaza, de 35 a\u00f1os, cojea cuando camina. Una bomba lacrim\u00f3gena casi le destroza el tobillo del pie izquierdo el 20 de julio pasado.<\/figcaption><\/figure>\n<figure id=\"attachment_6534\" aria-describedby=\"caption-attachment-6534\" style=\"width: 683px\" class=\"wp-caption alignnone\"><img decoding=\"async\" class=\"wp-image-6534 size-large\" src=\"http:\/\/derechosinfronteras.pe\/wp-content\/uploads\/2020\/08\/4-683x1024.jpg\" alt=\"\" width=\"683\" height=\"1024\" \/><figcaption id=\"caption-attachment-6534\" class=\"wp-caption-text\">Entre los heridos, se encuentran adolescentes menores de edad.<\/figcaption><\/figure>\n<p>&nbsp;<\/p>","protected":false},"excerpt":{"rendered":"<p>Redacci\u00f3n DHSF Pobladores de Espinar heridos de balas, perdigones y bombas lacrim\u00f3genas, presentaron su denuncia por lesiones ante la Fiscalia de la Naci\u00f3n los d\u00edas\u00a024, 25, 27 28 de julio. Dichas lesiones fueron producto de la violenta represi\u00f3n policial durante los 24 d\u00edas de protesta que vivi\u00f3 la provincia, mientras exig\u00edan mejores mejores condiciones de [&hellip;]<\/p>\n","protected":false},"author":1,"featured_media":3835,"comment_status":"open","ping_status":"open","sticky":false,"template":"","format":"standard","meta":{"_monsterinsights_skip_tracking":false,"_monsterinsights_sitenote_active":false,"_monsterinsights_sitenote_note":"","_monsterinsights_sitenote_category":0,"_jetpack_memberships_contains_paid_content":false,"footnotes":"","jetpack_publicize_message":"","jetpack_publicize_feature_enabled":true,"jetpack_social_post_already_shared":false,"jetpack_social_options":{"image_generator_settings":{"template":"highway","default_image_id":0,"font":"","enabled":false},"version":2}},"categories":[1],"tags":[],"class_list":["post-3834","post","type-post","status-publish","format-standard","has-post-thumbnail","hentry","category-sin-categoria"],"blocksy_meta":[],"jetpack_publicize_connections":[],"jetpack_featured_media_url":"https:\/\/derechosinfronteras.pe\/wp-content\/uploads\/2020\/08\/1-1.jpg","jetpack_sharing_enabled":true,"jetpack_likes_enabled":true,"_links":{"self":[{"href":"https:\/\/derechosinfronteras.pe\/ingles\/wp-json\/wp\/v2\/posts\/3834","targetHints":{"allow":["GET"]}}],"collection":[{"href":"https:\/\/derechosinfronteras.pe\/ingles\/wp-json\/wp\/v2\/posts"}],"about":[{"href":"https:\/\/derechosinfronteras.pe\/ingles\/wp-json\/wp\/v2\/types\/post"}],"author":[{"embeddable":true,"href":"https:\/\/derechosinfronteras.pe\/ingles\/wp-json\/wp\/v2\/users\/1"}],"replies":[{"embeddable":true,"href":"https:\/\/derechosinfronteras.pe\/ingles\/wp-json\/wp\/v2\/comments?post=3834"}],"version-history":[{"count":0,"href":"https:\/\/derechosinfronteras.pe\/ingles\/wp-json\/wp\/v2\/posts\/3834\/revisions"}],"wp:featuredmedia":[{"embeddable":true,"href":"https:\/\/derechosinfronteras.pe\/ingles\/wp-json\/wp\/v2\/media\/3835"}],"wp:attachment":[{"href":"https:\/\/derechosinfronteras.pe\/ingles\/wp-json\/wp\/v2\/media?parent=3834"}],"wp:term":[{"taxonomy":"category","embeddable":true,"href":"https:\/\/derechosinfronteras.pe\/ingles\/wp-json\/wp\/v2\/categories?post=3834"},{"taxonomy":"post_tag","embeddable":true,"href":"https:\/\/derechosinfronteras.pe\/ingles\/wp-json\/wp\/v2\/tags?post=3834"}],"curies":[{"name":"wp","href":"https:\/\/api.w.org\/{rel}","templated":true}]}}