{"id":3836,"date":"2020-08-17T22:14:44","date_gmt":"2020-08-18T03:14:44","guid":{"rendered":"http:\/\/derechosinfronteras.pe\/?p=6523"},"modified":"2020-08-17T22:14:44","modified_gmt":"2020-08-18T03:14:44","slug":"asociacion-de-mujeres-peruanas-afectadas-por-las-esterilizaciones-forzadas-otra-mesa-de-trabajo-es-una-burla-contra-nosotras","status":"publish","type":"post","link":"https:\/\/derechosinfronteras.pe\/ingles\/asociacion-de-mujeres-peruanas-afectadas-por-las-esterilizaciones-forzadas-otra-mesa-de-trabajo-es-una-burla-contra-nosotras\/","title":{"rendered":"Asociaci\u00f3n de Mujeres Peruanas Afectadas por las Esterilizaciones Forzadas: \u201cOtra mesa de trabajo es una burla contra nosotras\u201d"},"content":{"rendered":"<p><strong>\u00a0<\/strong>Redacci\u00f3n DHSF<\/p>\n<p>\u201cOtra mesa de trabajo es una burla contra nosotras\u201d, as\u00ed se pronunci\u00f3 la Asociaci\u00f3n de Mujeres Afectadas por las Esterilizaciones Forzadas con respecto a la Resoluci\u00f3n Ministerial N\u00b0 0216-2020-JUS, la cual ordena la conformaci\u00f3n de un grupo de trabajo multisectorial temporal que analizar\u00e1 y propondr\u00e1 mecanismos que aborden la problem\u00e1tica de las mujeres afectadas por las esterilizaciones forzadas producidas entre los a\u00f1os 1995-2001.<\/p>\n<p>El cuestionamiento radica en que dicha norma publicada ayer por el Ministerio de Justicia y Derechos Humanos no considera como integrantes a las v\u00edctimas de las esterilizaciones forzadas ni a las organizaciones que las defienden. \u201cNo queremos ni seremos simples invitadas, la violaci\u00f3n de derechos humanos se cometi\u00f3 contra nosotras, exigimos estar presentes en el dise\u00f1o de las pol\u00edticas p\u00fablicas para reparar nuestros derechos\u201d, se lee en el pronunciamiento.<\/p>\n<p>Otro punto de la resoluci\u00f3n ministerial que genera preocupaci\u00f3n es sobre la elaboraci\u00f3n de un diagn\u00f3stico integral sobre la situaci\u00f3n de la poblaci\u00f3n afectada por las esterilizaciones forzadas. Esta disposici\u00f3n para la asociaci\u00f3n dilatar\u00eda la obligaci\u00f3n del Estado de reparar por la violaci\u00f3n de derechos humanos cometida. \u201cHar\u00e1n otro diagn\u00f3stico a pesar de los 7 mil testimonios consignados en el REVIESFO (Registro de V\u00edctimas de Esterilizaciones Forzadas) y de todos los informes que ya existen en el Congreso de la Rep\u00fablica, el Ministerio de Salud y el Ministerio de la Mujer, los tres informes de la Defensor\u00eda del Pueblo y otros\u2026otro informe adicional es desconfiar de nuestros testimonios\u201d, indica el documento.<\/p>\n<p>Adem\u00e1s, la asociaci\u00f3n critic\u00f3 que el grupo de trabajo tenga vigencia hasta el 31 de julio del pr\u00f3ximo a\u00f1o. \u201cApelamos a las ministras de Salud, Pilar Mazetti y de la Mujer, Rosario Sasieta para acelerar la creaci\u00f3n de pol\u00edticas de reparaci\u00f3n y atenci\u00f3n a las v\u00edctimas\u201d, se\u00f1ala.<\/p>\n<p>De esta manera, la Asociaci\u00f3n de Mujeres Afectadas por las Esterilizaciones Forzadas denunci\u00f3 este hecho como una burla que revictimiza y afecta la dignidad de las mujeres afectadas por las esterilizaciones forzadas, sobre todo cuando han transcurrido m\u00e1s de 20 a\u00f1os sin que las m\u00e1s de 300 mil v\u00edctimas de la dictadura fujimorista hayan podido acceder a la justicia y reparaci\u00f3n.<\/p>\n<p>Tambi\u00e9n la pandemia del COVID-19 ha incrementado la vulnerabilidad de esta poblaci\u00f3n en el pa\u00eds; sin embargo, el Gobierno sigue indiferente tanto al impacto del coronavirus en la vida de las mujeres como a la justicia y reparaci\u00f3n pendiente.<\/p>\n<figure id=\"attachment_6524\" aria-describedby=\"caption-attachment-6524\" style=\"width: 770px\" class=\"wp-caption alignnone\"><img fetchpriority=\"high\" decoding=\"async\" class=\"size-large wp-image-6524\" src=\"http:\/\/derechosinfronteras.pe\/wp-content\/uploads\/2020\/08\/117601313_4443845712322032_6923872914179413990_o-770x1024.jpg\" alt=\"\" width=\"770\" height=\"1024\" \/><figcaption id=\"caption-attachment-6524\" class=\"wp-caption-text\">Pronunciamiento<\/figcaption><\/figure>\n<p>Dale click <a href=\"https:\/\/busquedas.elperuano.pe\/normaslegales\/conforman-grupo-de-trabajo-multisectorial-para-analizar-y-pr-resolucion-ministerial-no-0216-2020-jus-1877713-1\/\" target=\"_blank\" rel=\"noopener\">AQU\u00cd<\/a> para que puedas leer la resoluci\u00f3n ministerial completa.<\/p>","protected":false},"excerpt":{"rendered":"<p>\u00a0Redacci\u00f3n DHSF \u201cOtra mesa de trabajo es una burla contra nosotras\u201d, as\u00ed se pronunci\u00f3 la Asociaci\u00f3n de Mujeres Afectadas por las Esterilizaciones Forzadas con respecto a la Resoluci\u00f3n Ministerial N\u00b0 0216-2020-JUS, la cual ordena la conformaci\u00f3n de un grupo de trabajo multisectorial temporal que analizar\u00e1 y propondr\u00e1 mecanismos que aborden la problem\u00e1tica de las mujeres [&hellip;]<\/p>\n","protected":false},"author":1,"featured_media":3837,"comment_status":"open","ping_status":"open","sticky":false,"template":"","format":"standard","meta":{"_monsterinsights_skip_tracking":false,"_monsterinsights_sitenote_active":false,"_monsterinsights_sitenote_note":"","_monsterinsights_sitenote_category":0,"_jetpack_memberships_contains_paid_content":false,"footnotes":"","jetpack_publicize_message":"","jetpack_publicize_feature_enabled":true,"jetpack_social_post_already_shared":false,"jetpack_social_options":{"image_generator_settings":{"template":"highway","default_image_id":0,"font":"","enabled":false},"version":2}},"categories":[1],"tags":[],"class_list":["post-3836","post","type-post","status-publish","format-standard","has-post-thumbnail","hentry","category-sin-categoria"],"blocksy_meta":[],"jetpack_publicize_connections":[],"jetpack_featured_media_url":"https:\/\/derechosinfronteras.pe\/wp-content\/uploads\/2020\/08\/NOTA-PRO-UNCIAMIENTO-ESTERILIZACIONES.jpg","jetpack_sharing_enabled":true,"jetpack_likes_enabled":true,"_links":{"self":[{"href":"https:\/\/derechosinfronteras.pe\/ingles\/wp-json\/wp\/v2\/posts\/3836","targetHints":{"allow":["GET"]}}],"collection":[{"href":"https:\/\/derechosinfronteras.pe\/ingles\/wp-json\/wp\/v2\/posts"}],"about":[{"href":"https:\/\/derechosinfronteras.pe\/ingles\/wp-json\/wp\/v2\/types\/post"}],"author":[{"embeddable":true,"href":"https:\/\/derechosinfronteras.pe\/ingles\/wp-json\/wp\/v2\/users\/1"}],"replies":[{"embeddable":true,"href":"https:\/\/derechosinfronteras.pe\/ingles\/wp-json\/wp\/v2\/comments?post=3836"}],"version-history":[{"count":0,"href":"https:\/\/derechosinfronteras.pe\/ingles\/wp-json\/wp\/v2\/posts\/3836\/revisions"}],"wp:featuredmedia":[{"embeddable":true,"href":"https:\/\/derechosinfronteras.pe\/ingles\/wp-json\/wp\/v2\/media\/3837"}],"wp:attachment":[{"href":"https:\/\/derechosinfronteras.pe\/ingles\/wp-json\/wp\/v2\/media?parent=3836"}],"wp:term":[{"taxonomy":"category","embeddable":true,"href":"https:\/\/derechosinfronteras.pe\/ingles\/wp-json\/wp\/v2\/categories?post=3836"},{"taxonomy":"post_tag","embeddable":true,"href":"https:\/\/derechosinfronteras.pe\/ingles\/wp-json\/wp\/v2\/tags?post=3836"}],"curies":[{"name":"wp","href":"https:\/\/api.w.org\/{rel}","templated":true}]}}