{"id":3838,"date":"2020-08-12T18:21:55","date_gmt":"2020-08-12T23:21:55","guid":{"rendered":"http:\/\/derechosinfronteras.pe\/?p=6520"},"modified":"2020-08-12T18:21:55","modified_gmt":"2020-08-12T23:21:55","slug":"comite-de-lucha-de-espinar-solo-participara-como-observador-en-mesa-de-dialogo","status":"publish","type":"post","link":"https:\/\/derechosinfronteras.pe\/ingles\/comite-de-lucha-de-espinar-solo-participara-como-observador-en-mesa-de-dialogo\/","title":{"rendered":"Comit\u00e9 de lucha de Espinar solo participar\u00e1 como observador en Mesa de Di\u00e1logo"},"content":{"rendered":"<p>En el marco de cumplimiento del acta de acuerdos de la mesa de di\u00e1logo realizado el pasado viernes 7 de agosto, ayer se reinstal\u00f3 la sub mesa de trabajo para discutir la reformulaci\u00f3n del Convenio Marco. Estuvieron los representantes de la empresa Antapaccay y las autoridades y dirigentes (miembros del Comit\u00e9 de Gesti\u00f3n) de Espinar, bajo la facilitaci\u00f3n virtual de la Oficina General de Gesti\u00f3n Social del Ministerio de Energ\u00eda y Minas.<\/p>\n<p>En la primera sesi\u00f3n se debati\u00f3 el protocolo y reglamento de las reuniones en lo que respecta a acreditados, periodo de reuniones y agendas a desarrollar. La empresa minera acredit\u00f3 a Livio Paliza y otros cuatro profesionales como equipo t\u00e9cnico, mientras que por Espinar participan el alcalde provincial, Lolo Arenas, un representante de los alcaldes distritales, FUDIE, FUCAE, AUPE y representantes de la cuenca Ca\u00f1ipia y Salado.<\/p>\n<p>Tambi\u00e9n aceptaron la participaci\u00f3n del Comit\u00e9 de Lucha en calidad de observador. As\u00ed mismo se acord\u00f3 que las reuniones se desarrollen de forma presencial cada 14 d\u00edas a fin culminar y firmar el Convenio Marco reformulado en el presente a\u00f1o.<\/p>\n<p>La reinstalaci\u00f3n de la submesa de trabajo de reformulaci\u00f3n del Convenio Marco no parece ser democr\u00e1tica ni legitima para la provincia de Espinar, debido a que se ha reducido a un espacio de trabajo del Comit\u00e9 de Gesti\u00f3n del Convenio Marco, pese a que FUDIE, AUPE y FUCAE pidieron que se acredite al Comit\u00e9 de Lucha, frentes de defensa distritales y otras organizaciones de car\u00e1cter provincial, as\u00ed como de un equipo t\u00e9cnico de Espinar.<\/p>\n<p>No obstante, el Ministerio de Energ\u00eda y Minas -como facilitador- solo acept\u00f3 la participaci\u00f3n de Comit\u00e9 de Lucha en calidad de observador. Cabe precisar que los miembros del Comit\u00e9 de Gesti\u00f3n han sido cuestionados por la poblaci\u00f3n, debido a que no respaldaron la lucha ni la posici\u00f3n del pueblo.<\/p>\n<p>Por otro lado, se observ\u00f3 una asimetr\u00eda de las partes. Por un lado, la empresa Antapaccay acredit\u00f3 a su gerente de relaciones comunitarias, Livio Paliza, cuatro profesionales que como soporte t\u00e9cnico multidisciplinario y especializados con permanencia en las mesas de trabajo; y por el otro lado, autoridades desacreditados y algunos dirigentes nuevos sin un equipo t\u00e9cnico y que no reciben el fortalecimiento de sus capacidades y no tienen ning\u00fan soporte log\u00edstico.<\/p>\n<p>Toda esta situaci\u00f3n preocupa a la sociedad civil, puesto que la empresa minera y el Estado se imponen en el debate a autoridades y dirigentes de Espinar. Tambi\u00e9n preocupa la no democratizaci\u00f3n de la mesa por lo que temen que no se cumplir\u00eda el objetivo de reformular y mejorar el Convenio Marco.<\/p>","protected":false},"excerpt":{"rendered":"<p>En el marco de cumplimiento del acta de acuerdos de la mesa de di\u00e1logo realizado el pasado viernes 7 de agosto, ayer se reinstal\u00f3 la sub mesa de trabajo para discutir la reformulaci\u00f3n del Convenio Marco. Estuvieron los representantes de la empresa Antapaccay y las autoridades y dirigentes (miembros del Comit\u00e9 de Gesti\u00f3n) de Espinar, [&hellip;]<\/p>\n","protected":false},"author":1,"featured_media":3839,"comment_status":"open","ping_status":"open","sticky":false,"template":"","format":"standard","meta":{"_monsterinsights_skip_tracking":false,"_monsterinsights_sitenote_active":false,"_monsterinsights_sitenote_note":"","_monsterinsights_sitenote_category":0,"_jetpack_memberships_contains_paid_content":false,"footnotes":"","jetpack_publicize_message":"","jetpack_publicize_feature_enabled":true,"jetpack_social_post_already_shared":false,"jetpack_social_options":{"image_generator_settings":{"template":"highway","default_image_id":0,"font":"","enabled":false},"version":2}},"categories":[1],"tags":[],"class_list":["post-3838","post","type-post","status-publish","format-standard","has-post-thumbnail","hentry","category-sin-categoria"],"blocksy_meta":[],"jetpack_publicize_connections":[],"jetpack_featured_media_url":"https:\/\/derechosinfronteras.pe\/wp-content\/uploads\/2020\/08\/va-1.jpg","jetpack_sharing_enabled":true,"jetpack_likes_enabled":true,"_links":{"self":[{"href":"https:\/\/derechosinfronteras.pe\/ingles\/wp-json\/wp\/v2\/posts\/3838","targetHints":{"allow":["GET"]}}],"collection":[{"href":"https:\/\/derechosinfronteras.pe\/ingles\/wp-json\/wp\/v2\/posts"}],"about":[{"href":"https:\/\/derechosinfronteras.pe\/ingles\/wp-json\/wp\/v2\/types\/post"}],"author":[{"embeddable":true,"href":"https:\/\/derechosinfronteras.pe\/ingles\/wp-json\/wp\/v2\/users\/1"}],"replies":[{"embeddable":true,"href":"https:\/\/derechosinfronteras.pe\/ingles\/wp-json\/wp\/v2\/comments?post=3838"}],"version-history":[{"count":0,"href":"https:\/\/derechosinfronteras.pe\/ingles\/wp-json\/wp\/v2\/posts\/3838\/revisions"}],"wp:featuredmedia":[{"embeddable":true,"href":"https:\/\/derechosinfronteras.pe\/ingles\/wp-json\/wp\/v2\/media\/3839"}],"wp:attachment":[{"href":"https:\/\/derechosinfronteras.pe\/ingles\/wp-json\/wp\/v2\/media?parent=3838"}],"wp:term":[{"taxonomy":"category","embeddable":true,"href":"https:\/\/derechosinfronteras.pe\/ingles\/wp-json\/wp\/v2\/categories?post=3838"},{"taxonomy":"post_tag","embeddable":true,"href":"https:\/\/derechosinfronteras.pe\/ingles\/wp-json\/wp\/v2\/tags?post=3838"}],"curies":[{"name":"wp","href":"https:\/\/api.w.org\/{rel}","templated":true}]}}