{"id":3842,"date":"2020-08-08T15:28:20","date_gmt":"2020-08-08T20:28:20","guid":{"rendered":"http:\/\/derechosinfronteras.pe\/?p=6502"},"modified":"2020-08-08T15:28:20","modified_gmt":"2020-08-08T20:28:20","slug":"resultados-de-la-mesa-de-dialogo-en-espinar-aplazan-agenda-de-los-afectados-por-metales-toxicos-y-restringen-participacion-de-la-sociedad-civil","status":"publish","type":"post","link":"https:\/\/derechosinfronteras.pe\/ingles\/resultados-de-la-mesa-de-dialogo-en-espinar-aplazan-agenda-de-los-afectados-por-metales-toxicos-y-restringen-participacion-de-la-sociedad-civil\/","title":{"rendered":"Mesa de di\u00e1logo en Espinar: aplazan agenda de los afectados por metales t\u00f3xicos y restringen participaci\u00f3n de la sociedad civil"},"content":{"rendered":"<p>Redacci\u00f3n DHSF<\/p>\n<p>Los acuerdos de la reuni\u00f3n entre la Comitiva de Alto Nivel de la Presidencia del Consejo de Ministros, las autoridades y miembros del Comit\u00e9 de Gesti\u00f3n del Convenio Marco lograron calmar los \u00e1nimos de un conflicto que lleva casi un mes. Sin embargo, la entrega de un bono de S\/ 1000, a trav\u00e9s de tarjetas de uso m\u00faltiple, solo es un pelda\u00f1o en el proceso de negociaciones que continuar\u00e1n en los siguientes meses, aunque los dirigentes no firmaron ayer el acta de los acuerdos.<\/p>\n<p>Es de precisar que los otros puntos de negociaci\u00f3n como el proyecto \u201cIntegraci\u00f3n Coroccohuayco\u201d, la afectaci\u00f3n de personas con metales pesados, la reestructuraci\u00f3n del Ministerio P\u00fablico y la investigaci\u00f3n de los atentados contra los derechos humanos en las manifestaciones fueron postergados para el pr\u00f3ximo 3 de setiembre.<\/p>\n<p>La presencia de la viceministra de Salud P\u00fablica, Nancy Zerpa Tawara, demuestra la importancia que se le est\u00e1 dando a las exigencias de los afectados y afectadas por metales pesados para ser atendidos de manera especializada. Dichos reclamos responden a a\u00f1os de indiferencia por parte de los representantes del Ministerio de Salud, qui\u00e9nes todav\u00eda no atienden adecuadamente a esta poblaci\u00f3n vulnerada en sus derechos a la salud, no solo en Cusco sino tambi\u00e9n en diferentes partes del pa\u00eds donde existen peruanos y peruanas afectadas en su salud por la extracci\u00f3n minera.<\/p>\n<p>Asimismo, queda pendiente la investigaci\u00f3n sobre las denuncias por disparos con balas a los manifestantes durante estos 24 d\u00edas por parte de la Polic\u00eda Nacional del Per\u00fa.<\/p>\n<p>Cabe resaltar que, si bien las negociaciones se basaron principalmente en el bono, las exigencias por parte de la poblaci\u00f3n de Espinar vienen siendo desatendidas desde hace muchos a\u00f1os. No olvidemos que los juicios contra el ex alcalde y dirigentes Oscar Mollohuanca, Herbert Huam\u00e1n y Sergio Huaman\u00ed, contin\u00faan desde el 2012. Este proceso contrasta con la impunidad de los 3 pobladores asesinados durante aquella protesta tambi\u00e9n exigiendo mejores condiciones de vida para la provincia.<\/p>\n<p><strong>FALTA DE DEMOCRACIA <\/strong><\/p>\n<p>La mesa de dialogo instalada ayer bajo la mediaci\u00f3n del obispo de la Prelatura de Sicuani, monse\u00f1or Pedro Bustamante, y con la presencia de autoridades nacionales, provincial y distritales, no reflej\u00f3 los valores y principios de un dialogo democr\u00e1tico, transparente, de igualdad de condiciones ni de concertaci\u00f3n. Desde el principio limitaron la participaci\u00f3n de los dirigentes leg\u00edtimamente acreditados por sus bases, quienes se quedaron en la puerta del local debido a que permitieron el ingreso de solo 12 dirigentes, incluidos los miembros de Comit\u00e9 de Lucha de Provincial de Espinar.<\/p>\n<p>Tampoco se permiti\u00f3 el ingreso al representante de los j\u00f3venes heridos durante las manifestaciones por la represi\u00f3n policial. El objetivo era exigir la conformaci\u00f3n de una comisi\u00f3n de justicia y derechos humanos. Lo mismo ocurri\u00f3 con la dirigente de los afectados por metales t\u00f3xicos a quien se le neg\u00f3 la entrada. \u00a0Adem\u00e1s, se restringi\u00f3 la participaci\u00f3n de la prensa y se prohibi\u00f3 la transmisi\u00f3n en vivo de la reuni\u00f3n.<\/p>\n<p>De esta manera, la mesa de dialogo se desarroll\u00f3 a puerta cerrada con un fuerte resguardo de la Fuerzas Armadas por m\u00e1s de seis horas de incertidumbre para el pueblo y un debate intenso con m\u00e1s de siete cuartos de intermedio.<\/p>\n<p>La Comitiva de Alto Nivel buscaba dialogar y decidir solo con la empresa minera Antapaccay y el resto de los miembros del Comit\u00e9 de Gesti\u00f3n del Convenio Marco, quienes quer\u00edan tomaron decisiones sin consultar a las bases de las organizaciones sociales.<\/p>\n<p>Los integrantes del Comit\u00e9 de Lucha Provincial y los dirigentes acreditados fueron limitados de poder intervenir en el di\u00e1logo. Al no ser escuchados, solicitaron permiso para consultar a sus bases y abandonaron la mesa.\u00a0 Luego se dirigieron a los pobladores que los esperaban en los exteriores del local e informaron sobre las propuestas que se discut\u00edan. Los pobladores ratificaron la postura a favor del bono solidario de S\/ 1000; por lo que, regresaron a la mesa de di\u00e1logo para respaldar la entrega del subsidio econ\u00f3mico.<\/p>\n<p>A pesar de ello, se aprob\u00f3 dar el bono de S\/ 1000 no en efectivo, sino a trav\u00e9s de tarjetas de uso m\u00faltiple. Por lo tanto, los dirigentes se negaron a firmar el acta de la mesa de di\u00e1logo y abandonaron el lugar.<\/p>\n<p>Los dirigentes del Comit\u00e9 de Lucha Provincial fueron recibidos entre aplausos por el resto de la poblaci\u00f3n que esperaba saber las conclusiones de la reuni\u00f3n. Al conocer los acuerdos, declararon como personas no gratas y traidores al alcalde provincial Lolo Arenas y a los alcaldes distritales por no respaldar la propuesta del pueblo.<\/p>\n<p>Los acuerdos alcanzados en esta mesa de dialogo fueron los siguientes:<\/p>\n<ol>\n<li>Destinar 44 millones de soles de los fondos del Convenio Marco, de manera extraordinaria y por \u00fanica vez, a trav\u00e9s de una tarjeta de uso m\u00faltiple por un monto de 1000 soles por beneficiario para el canje con alimentos, medicinas, EPPs, abrigo, educaci\u00f3n y pago de servicios b\u00e1sicos que ser\u00e1 implementados por el equipo t\u00e9cnico y el Comit\u00e9 de Gesti\u00f3n del Convenio Marco.<\/li>\n<li>Las autoridades y dirigentes de Espinar se comprometen a levantar inmediatamente la medida de fuerza en toda la provincia de Espinar garantizando la paz social.<\/li>\n<li>La empresa minera Antapaccay se compromete en donar una planta de oxigeno medicinal para la provincia de Espinar.<\/li>\n<li>Se acuerda el reinicio del subgrupo 3 de la reformulaci\u00f3n del Convenio Marco para el d\u00eda 11 de agosto de 2020 a cargo del Ministerio de Energ\u00eda y Minas.<\/li>\n<li>Se aprueba la segunda sesi\u00f3n de la mesa de di\u00e1logo (pr\u00f3ximo 3 de setiembre) para abordar los dem\u00e1s puntos de la plataforma de lucha.<\/li>\n<\/ol>\n<p>Finalmente, el Comit\u00e9 de Lucha Provincial realizar\u00e1 hoy una conferencia de prensa para informar sobre\u00a0 su posici\u00f3n con respecto a los acuerdos de la mesa de dialogo.<\/p>\n<p><img fetchpriority=\"high\" decoding=\"async\" class=\"alignnone size-large wp-image-6504\" src=\"http:\/\/derechosinfronteras.pe\/wp-content\/uploads\/2020\/08\/WhatsApp-Image-2020-08-08-at-10.45.56-AM-1-721x1024.jpeg\" alt=\"\" width=\"721\" height=\"1024\" \/><\/p>\n<figure id=\"attachment_6505\" aria-describedby=\"caption-attachment-6505\" style=\"width: 758px\" class=\"wp-caption alignnone\"><img decoding=\"async\" class=\"size-large wp-image-6505\" src=\"http:\/\/derechosinfronteras.pe\/wp-content\/uploads\/2020\/08\/WhatsApp-Image-2020-08-08-at-10.45.56-AM-758x1024.jpeg\" alt=\"\" width=\"758\" height=\"1024\" \/><figcaption id=\"caption-attachment-6505\" class=\"wp-caption-text\">Foto: acta de la mesa de di\u00e1logo<\/figcaption><\/figure>","protected":false},"excerpt":{"rendered":"<p>Redacci\u00f3n DHSF Los acuerdos de la reuni\u00f3n entre la Comitiva de Alto Nivel de la Presidencia del Consejo de Ministros, las autoridades y miembros del Comit\u00e9 de Gesti\u00f3n del Convenio Marco lograron calmar los \u00e1nimos de un conflicto que lleva casi un mes. Sin embargo, la entrega de un bono de S\/ 1000, a trav\u00e9s [&hellip;]<\/p>\n","protected":false},"author":1,"featured_media":3843,"comment_status":"open","ping_status":"open","sticky":false,"template":"","format":"standard","meta":{"_monsterinsights_skip_tracking":false,"_monsterinsights_sitenote_active":false,"_monsterinsights_sitenote_note":"","_monsterinsights_sitenote_category":0,"_jetpack_memberships_contains_paid_content":false,"footnotes":"","jetpack_publicize_message":"","jetpack_publicize_feature_enabled":true,"jetpack_social_post_already_shared":false,"jetpack_social_options":{"image_generator_settings":{"template":"highway","default_image_id":0,"font":"","enabled":false},"version":2}},"categories":[1],"tags":[],"class_list":["post-3842","post","type-post","status-publish","format-standard","has-post-thumbnail","hentry","category-sin-categoria"],"blocksy_meta":[],"jetpack_publicize_connections":[],"jetpack_featured_media_url":"https:\/\/derechosinfronteras.pe\/wp-content\/uploads\/2020\/08\/NOTA-SALUD-MESADE-DIA\u00b4LOGO.jpg","jetpack_sharing_enabled":true,"jetpack_likes_enabled":true,"_links":{"self":[{"href":"https:\/\/derechosinfronteras.pe\/ingles\/wp-json\/wp\/v2\/posts\/3842","targetHints":{"allow":["GET"]}}],"collection":[{"href":"https:\/\/derechosinfronteras.pe\/ingles\/wp-json\/wp\/v2\/posts"}],"about":[{"href":"https:\/\/derechosinfronteras.pe\/ingles\/wp-json\/wp\/v2\/types\/post"}],"author":[{"embeddable":true,"href":"https:\/\/derechosinfronteras.pe\/ingles\/wp-json\/wp\/v2\/users\/1"}],"replies":[{"embeddable":true,"href":"https:\/\/derechosinfronteras.pe\/ingles\/wp-json\/wp\/v2\/comments?post=3842"}],"version-history":[{"count":0,"href":"https:\/\/derechosinfronteras.pe\/ingles\/wp-json\/wp\/v2\/posts\/3842\/revisions"}],"wp:featuredmedia":[{"embeddable":true,"href":"https:\/\/derechosinfronteras.pe\/ingles\/wp-json\/wp\/v2\/media\/3843"}],"wp:attachment":[{"href":"https:\/\/derechosinfronteras.pe\/ingles\/wp-json\/wp\/v2\/media?parent=3842"}],"wp:term":[{"taxonomy":"category","embeddable":true,"href":"https:\/\/derechosinfronteras.pe\/ingles\/wp-json\/wp\/v2\/categories?post=3842"},{"taxonomy":"post_tag","embeddable":true,"href":"https:\/\/derechosinfronteras.pe\/ingles\/wp-json\/wp\/v2\/tags?post=3842"}],"curies":[{"name":"wp","href":"https:\/\/api.w.org\/{rel}","templated":true}]}}