{"id":3844,"date":"2020-08-06T11:03:53","date_gmt":"2020-08-06T16:03:53","guid":{"rendered":"http:\/\/derechosinfronteras.pe\/?p=6491"},"modified":"2020-08-06T11:03:53","modified_gmt":"2020-08-06T16:03:53","slug":"mas-comunidades-originarias-se-suman-a-la-huelga-en-espinar-en-defensa-de-los-derechos-colectivos","status":"publish","type":"post","link":"https:\/\/derechosinfronteras.pe\/ingles\/mas-comunidades-originarias-se-suman-a-la-huelga-en-espinar-en-defensa-de-los-derechos-colectivos\/","title":{"rendered":"M\u00e1s comunidades originarias se suman a la huelga en Espinar en defensa de los derechos colectivos"},"content":{"rendered":"<p>Redacci\u00f3n DHSF<\/p>\n<p>Cada vez m\u00e1s comunidades originarias se unen a la huelga indefinida de la provincia de Espinar que hoy cumple 23 d\u00edas en pleno estado de emergencia por el COVID-19. Esta vez, Bajo Huancan\u00e9 y Antaccollana respaldan la entrega del bono solidario de S\/ 1000, as\u00ed como la reformulaci\u00f3n del Convenio Marco, el acceso a la justicia ambiental, la atenci\u00f3n inmediata a los afectados y afectadas por metales t\u00f3xicos y el respeto a los derechos de las comunidades originarias.<\/p>\n<p>Estas poblaciones originarias se ubican alrededor de la empresa Antapaccay, por lo que padecen los impactos de la actividad minera, seg\u00fan el dirigente del Comit\u00e9 de Lucha de Bajo Huancan\u00e9, Jos\u00e9 Le\u00f3nidas Merma Puma. \u201cLa miner\u00eda no es una bendici\u00f3n, la miner\u00eda es una maldici\u00f3n. M\u00e1s que traer desarrollo y oportunidades; ha tra\u00eddo la contaminaci\u00f3n, pobreza, enfermedades, los conflictos y criminalizaci\u00f3n a los territorios de las comunidades originarias\u201d, expres\u00f3.<\/p>\n<p>Son casi 40 a\u00f1os de convivencia con la miner\u00eda. A parte de los impactos ambientales como afectaci\u00f3n al paisaje natural comprometiendo a las especies nativas, contaminaci\u00f3n al aire, tierra y agua, tambi\u00e9n se ha afectado la salud humana con metales t\u00f3xicos. A ello se suma la alta morbilidad, mortandad y abortos en los animales gener\u00e1ndoles grandes p\u00e9rdidas a las familias campesinas. Adem\u00e1s, los impactos sociales como la alta fragmentaci\u00f3n social, la conflictividad, la vulneraci\u00f3n de los derechos de las comunidades y la criminalizaci\u00f3n de los defensores han sido evidentes, as\u00ed lo precis\u00f3 el dirigente. \u00a0\u201cLa empresa minera nos ha dividido, nos hace pelear entre nosotros, corrompe a nuestras autoridades y dirigentes, persigue y criminaliza a los defensores\u201d, manifest\u00f3 Jos\u00e9 Le\u00f3nidas Merma.<\/p>\n<p>La expectativa de desarrollo sostenible ha provocado frustraci\u00f3n colectiva. De acuerdo a Merma, no hay un solo proyecto de gran envergadura ejecutado por la empresa minera y\/o Convenio Marco. Tampoco las comunidades tienen saneamiento b\u00e1sico, no tienen una buena escuela, una buena posta medica ni una infraestructura de riego.<\/p>\n<p>Tampoco se ha atendido de manera prioritaria y diferenciada la salud de las comunidades por ser directamente afectadas por la miner\u00eda. De igual manera, no existir\u00eda oportunidad laboral para los j\u00f3venes de las comunidades originarias ni siquiera para que hagan sus pr\u00e1cticas profesionales en la empresa Antapaccay.<\/p>\n<p><strong>GARANTIZAN PAZ SOCIAL<\/strong><\/p>\n<p>De otro lado, las autoridades y sociedad civil del distrito de Condorama como el alcalde, regidores, dirigentes acordaron en una reuni\u00f3n garantizar la paz social y tranquilidad en la v\u00edspera y durante la visita de la Comisi\u00f3n de Alto Nivel de la Presidencia del Consejo de Ministros (PCM) para restablecer el di\u00e1logo en Espinar.<\/p>\n<p>Como es p\u00fablico, de acuerdo al \u00faltimo comunicado de la PCM, dicha comitiva arribar\u00eda al distrito de Yauri ma\u00f1ana 7 de agosto, aunque tras la negaci\u00f3n del voto de confianza al jefe del Gabinete Ministerial, Pedro Cateriano, no se ha confirmado si se instalar\u00e1 la mesa de di\u00e1logo en la fecha establecida.<\/p>\n<p>Tambi\u00e9n las autoridades y las organizaciones sociales del distrito de Alto Pichigua aceptaron la propuesta de mantener la paz social a partir de hoy. En caso la comisi\u00f3n no llegue a un acuerdo, se continuar\u00e1 con la medida de fuerza.<\/p>\n<figure id=\"attachment_6492\" aria-describedby=\"caption-attachment-6492\" style=\"width: 526px\" class=\"wp-caption alignnone\"><img fetchpriority=\"high\" decoding=\"async\" class=\"size-full wp-image-6492\" src=\"http:\/\/derechosinfronteras.pe\/wp-content\/uploads\/2020\/08\/WhatsApp-Image-2020-08-05-at-9.22.39-PM.jpeg\" alt=\"\" width=\"526\" height=\"862\" \/><figcaption id=\"caption-attachment-6492\" class=\"wp-caption-text\">Foto: acta del distrito de Condorama<\/figcaption><\/figure>\n<p>&nbsp;<\/p>\n<figure id=\"attachment_6493\" aria-describedby=\"caption-attachment-6493\" style=\"width: 576px\" class=\"wp-caption alignnone\"><img decoding=\"async\" class=\"size-large wp-image-6493\" src=\"http:\/\/derechosinfronteras.pe\/wp-content\/uploads\/2020\/08\/WhatsApp-Image-2020-08-05-at-9.22.08-PM-576x1024.jpeg\" alt=\"\" width=\"576\" height=\"1024\" \/><figcaption id=\"caption-attachment-6493\" class=\"wp-caption-text\">Foto: pronunciamiento del distrito Alto Pichigua<\/figcaption><\/figure>","protected":false},"excerpt":{"rendered":"<p>Redacci\u00f3n DHSF Cada vez m\u00e1s comunidades originarias se unen a la huelga indefinida de la provincia de Espinar que hoy cumple 23 d\u00edas en pleno estado de emergencia por el COVID-19. Esta vez, Bajo Huancan\u00e9 y Antaccollana respaldan la entrega del bono solidario de S\/ 1000, as\u00ed como la reformulaci\u00f3n del Convenio Marco, el acceso [&hellip;]<\/p>\n","protected":false},"author":1,"featured_media":3845,"comment_status":"open","ping_status":"open","sticky":false,"template":"","format":"standard","meta":{"_monsterinsights_skip_tracking":false,"_monsterinsights_sitenote_active":false,"_monsterinsights_sitenote_note":"","_monsterinsights_sitenote_category":0,"_jetpack_memberships_contains_paid_content":false,"footnotes":"","jetpack_publicize_message":"","jetpack_publicize_feature_enabled":true,"jetpack_social_post_already_shared":false,"jetpack_social_options":{"image_generator_settings":{"template":"highway","default_image_id":0,"font":"","enabled":false},"version":2}},"categories":[1],"tags":[],"class_list":["post-3844","post","type-post","status-publish","format-standard","has-post-thumbnail","hentry","category-sin-categoria"],"blocksy_meta":[],"jetpack_publicize_connections":[],"jetpack_featured_media_url":"https:\/\/derechosinfronteras.pe\/wp-content\/uploads\/2020\/08\/NOTA-EDICION-6-DE-AGOSTO.jpg","jetpack_sharing_enabled":true,"jetpack_likes_enabled":true,"_links":{"self":[{"href":"https:\/\/derechosinfronteras.pe\/ingles\/wp-json\/wp\/v2\/posts\/3844","targetHints":{"allow":["GET"]}}],"collection":[{"href":"https:\/\/derechosinfronteras.pe\/ingles\/wp-json\/wp\/v2\/posts"}],"about":[{"href":"https:\/\/derechosinfronteras.pe\/ingles\/wp-json\/wp\/v2\/types\/post"}],"author":[{"embeddable":true,"href":"https:\/\/derechosinfronteras.pe\/ingles\/wp-json\/wp\/v2\/users\/1"}],"replies":[{"embeddable":true,"href":"https:\/\/derechosinfronteras.pe\/ingles\/wp-json\/wp\/v2\/comments?post=3844"}],"version-history":[{"count":0,"href":"https:\/\/derechosinfronteras.pe\/ingles\/wp-json\/wp\/v2\/posts\/3844\/revisions"}],"wp:featuredmedia":[{"embeddable":true,"href":"https:\/\/derechosinfronteras.pe\/ingles\/wp-json\/wp\/v2\/media\/3845"}],"wp:attachment":[{"href":"https:\/\/derechosinfronteras.pe\/ingles\/wp-json\/wp\/v2\/media?parent=3844"}],"wp:term":[{"taxonomy":"category","embeddable":true,"href":"https:\/\/derechosinfronteras.pe\/ingles\/wp-json\/wp\/v2\/categories?post=3844"},{"taxonomy":"post_tag","embeddable":true,"href":"https:\/\/derechosinfronteras.pe\/ingles\/wp-json\/wp\/v2\/tags?post=3844"}],"curies":[{"name":"wp","href":"https:\/\/api.w.org\/{rel}","templated":true}]}}