{"id":3847,"date":"2020-08-05T10:34:03","date_gmt":"2020-08-05T15:34:03","guid":{"rendered":"http:\/\/derechosinfronteras.pe\/?p=6484"},"modified":"2020-08-05T10:34:03","modified_gmt":"2020-08-05T15:34:03","slug":"comunidades-originarias-se-unen-al-paro-indefinido-de-espinar-contra-la-empresa-minera-antapaccay","status":"publish","type":"post","link":"https:\/\/derechosinfronteras.pe\/ingles\/comunidades-originarias-se-unen-al-paro-indefinido-de-espinar-contra-la-empresa-minera-antapaccay\/","title":{"rendered":"Comunidades originarias se unen al paro indefinido de Espinar contra la empresa minera Antapaccay"},"content":{"rendered":"<p>Redacci\u00f3n DHSF<\/p>\n<p>Las comunidades originarias impactadas por la actividad de la empresa minera Antapaccay en la provincia de Espinar como Alto Huarca, entre otras, se sumaron a la huelga indefinida que hoy cumple 22 d\u00edas.<\/p>\n<p>Este grupo de comunidades no solo exigen el cumplimiento de la entrega del bono solidario de S\/ 1000, sino tambi\u00e9n piden la reformulaci\u00f3n del Convenio Marco, acceso a la justicia ambiental, la atenci\u00f3n inmediata a los afectados y afectadas por metales t\u00f3xicos, justicia por la violaci\u00f3n de los derechos humanos durante las movilizaciones y otras demandas.<\/p>\n<p>La dirigente de Comit\u00e9 de Lucha de Alto Huancan\u00e9 y afectada por metales t\u00f3xicos, Carmen Chambi Surco, pidi\u00f3 a la empresa minera y al Estado que se responsabilicen de la salud de los afectados, al igual que el Ministerio de Salud que debe atender de manera inmediata y de forma especializada a las poblaciones afectadas por los metales t\u00f3xicos. \u201cLamentablemente tras varios a\u00f1os de lucha no hemos sido escuchados por el presidente de la Rep\u00fablica, por los ministros, por los congresistas; por el contrario, nuestra lucha ha recibido represi\u00f3n de los polic\u00edas con sus armas y bombas lacrim\u00f3genas\u201d, declar\u00f3.<\/p>\n<p>Asimismo, Chambi rechaz\u00f3 la versi\u00f3n del jefe del Gabinete Ministerial, Pedro Cateriano, quien dijo que \u201cla miner\u00eda es una bendici\u00f3n\u201d. \u201cSe\u00f1or Pedro Cateriano, la miner\u00eda no es una bendici\u00f3n, sino es una maldici\u00f3n. Usted no vive aqu\u00ed, no conoce nuestra realidad, usted no sabe que estamos condenados a morir por la contaminaci\u00f3n\u201d, ret\u00f3 la dirigente al a\u00fan premier.<\/p>\n<figure id=\"attachment_6486\" aria-describedby=\"caption-attachment-6486\" style=\"width: 1024px\" class=\"wp-caption alignnone\"><img fetchpriority=\"high\" decoding=\"async\" class=\"size-large wp-image-6486\" src=\"http:\/\/derechosinfronteras.pe\/wp-content\/uploads\/2020\/08\/mujer-en-pie-de-lucha-en-espinar-1024x768.jpg\" alt=\"\" width=\"1024\" height=\"768\" \/><figcaption id=\"caption-attachment-6486\" class=\"wp-caption-text\">Foto: las mujeres en primera l\u00ednea de las protestas<\/figcaption><\/figure>\n<p>Por su parte, la dirigente de Comit\u00e9 de Lucha de Alto Huancan\u00e9, Flor N\u00e9lida Cut\u00ed \u00d1u\u00f1onqa, manifest\u00f3 lo siguiente frente a la contaminaci\u00f3n de la que son v\u00edctimas las comunidades del \u00e1rea de influencia de la minera: \u201cA veces la gente de afuera piensan que nosotros somos ricos, por lo que somos de comunidades donde est\u00e1 la miner\u00eda piensan que somos accionistas, que tenemos trabajo directo. Eso no es cierto.\u00a0 Al contrario, somos m\u00e1s empobrecidos por la miner\u00eda, nuestros animales se mueren, aqu\u00ed la gente muere de c\u00e1ncer, tenemos ni\u00f1os con leucemia, con plomo, ars\u00e9nico, cadmio en la sangre, pero ni el Estado ni la empresa minera hicieron ning\u00fan plan de contingencia ni dan atenci\u00f3n de salud especializada\u201d.<\/p>\n<p>Tampoco la empresa minera Antapaccay se estar\u00eda haciendo responsable de las afectaciones ambientales en Espinar, seg\u00fan Cut\u00ed. \u201cLa empresa minera se hace de la vista gorda, el Estado nos ignora a pesar de que el Ministerio de Salud sac\u00f3 resultados de metales t\u00f3xicos por encima de los l\u00edmites permisibles. No nos escuchan, no nos dan soluci\u00f3n. Por ejemplo, mi madre tiene plomo y ars\u00e9nico en su sangre y la hemos llevado a la ciudad, donde la doctora nos dice: que mi madre va morir lentamente. No hay forma de separar los metales de la sangre, no hay especialistas en el Per\u00fa ni en el mundo. Entonces, estamos condenados a morir lentamente, esa es la bendici\u00f3n de la que habla Pedro Cateriano. Tambi\u00e9n los j\u00f3venes a nuestra temprana edad sufrimos de carnosidad en nuestra vista por la alta contaminaci\u00f3n que existe\u201d, precis\u00f3.<\/p>\n<p>En ese contexto, Melchora Surco, defensora de los afectados por los metales pesados, expres\u00f3 sentirse triste y preocupada por la vida y la salud de los afectados y afectadas que viene muriendo de c\u00e1ncer, leucemia y otros males. \u201cYo hablo por ellos, por nuestros derechos que venimos luchando desde el a\u00f1o 2013 y que a la fecha no encontramos atenci\u00f3n del gobierno. Exijo al gobierno de Martin Vizcarra que haya atenci\u00f3n y medicinas para los afectados por metales t\u00f3xicos, porque no es justo que seamos olvidados como cualquier animal\u201d, reclam\u00f3 Melchora.<\/p>","protected":false},"excerpt":{"rendered":"<p>Redacci\u00f3n DHSF Las comunidades originarias impactadas por la actividad de la empresa minera Antapaccay en la provincia de Espinar como Alto Huarca, entre otras, se sumaron a la huelga indefinida que hoy cumple 22 d\u00edas. Este grupo de comunidades no solo exigen el cumplimiento de la entrega del bono solidario de S\/ 1000, sino tambi\u00e9n [&hellip;]<\/p>\n","protected":false},"author":1,"featured_media":3848,"comment_status":"open","ping_status":"open","sticky":false,"template":"","format":"standard","meta":{"_monsterinsights_skip_tracking":false,"_monsterinsights_sitenote_active":false,"_monsterinsights_sitenote_note":"","_monsterinsights_sitenote_category":0,"_jetpack_memberships_contains_paid_content":false,"footnotes":"","jetpack_publicize_message":"","jetpack_publicize_feature_enabled":true,"jetpack_social_post_already_shared":false,"jetpack_social_options":{"image_generator_settings":{"template":"highway","default_image_id":0,"font":"","enabled":false},"version":2}},"categories":[1],"tags":[],"class_list":["post-3847","post","type-post","status-publish","format-standard","has-post-thumbnail","hentry","category-sin-categoria"],"blocksy_meta":[],"jetpack_publicize_connections":[],"jetpack_featured_media_url":"https:\/\/derechosinfronteras.pe\/wp-content\/uploads\/2020\/08\/nota-AFECTADOS.jpg","jetpack_sharing_enabled":true,"jetpack_likes_enabled":true,"_links":{"self":[{"href":"https:\/\/derechosinfronteras.pe\/ingles\/wp-json\/wp\/v2\/posts\/3847","targetHints":{"allow":["GET"]}}],"collection":[{"href":"https:\/\/derechosinfronteras.pe\/ingles\/wp-json\/wp\/v2\/posts"}],"about":[{"href":"https:\/\/derechosinfronteras.pe\/ingles\/wp-json\/wp\/v2\/types\/post"}],"author":[{"embeddable":true,"href":"https:\/\/derechosinfronteras.pe\/ingles\/wp-json\/wp\/v2\/users\/1"}],"replies":[{"embeddable":true,"href":"https:\/\/derechosinfronteras.pe\/ingles\/wp-json\/wp\/v2\/comments?post=3847"}],"version-history":[{"count":0,"href":"https:\/\/derechosinfronteras.pe\/ingles\/wp-json\/wp\/v2\/posts\/3847\/revisions"}],"wp:featuredmedia":[{"embeddable":true,"href":"https:\/\/derechosinfronteras.pe\/ingles\/wp-json\/wp\/v2\/media\/3848"}],"wp:attachment":[{"href":"https:\/\/derechosinfronteras.pe\/ingles\/wp-json\/wp\/v2\/media?parent=3847"}],"wp:term":[{"taxonomy":"category","embeddable":true,"href":"https:\/\/derechosinfronteras.pe\/ingles\/wp-json\/wp\/v2\/categories?post=3847"},{"taxonomy":"post_tag","embeddable":true,"href":"https:\/\/derechosinfronteras.pe\/ingles\/wp-json\/wp\/v2\/tags?post=3847"}],"curies":[{"name":"wp","href":"https:\/\/api.w.org\/{rel}","templated":true}]}}