{"id":3849,"date":"2020-08-04T19:07:10","date_gmt":"2020-08-05T00:07:10","guid":{"rendered":"http:\/\/derechosinfronteras.pe\/?p=6478"},"modified":"2020-08-04T19:07:10","modified_gmt":"2020-08-05T00:07:10","slug":"paruro-bloquean-por-unas-horas-la-via-usada-por-las-empresas-mineras-mmg-las-bambas-y-hudbay","status":"publish","type":"post","link":"https:\/\/derechosinfronteras.pe\/ingles\/paruro-bloquean-por-unas-horas-la-via-usada-por-las-empresas-mineras-mmg-las-bambas-y-hudbay\/","title":{"rendered":"Paruro: bloquean por unas horas la v\u00eda usada por las empresas mineras MMG Las Bambas y Hudbay"},"content":{"rendered":"<p>Redacci\u00f3n DHSF<\/p>\n<p>La ruta Cusco \u2013 Ranraccasa \u2013 Ccapacmarca, utilizada por las empresas MMG Las Bambas y Hudbay en la regi\u00f3n de Cusco, fue bloqueada por unas horas por un grupo de comuneros de la comunidad y distrito de Paccareqtambo, provincia de Paruro, debido a la contaminaci\u00f3n ambiental que genera la circulaci\u00f3n de los camiones de carga ancha de las mineras en la zona.<\/p>\n<p>Adem\u00e1s de la contaminaci\u00f3n ambiental, los veh\u00edculos particulares perjudican las propiedades de los comuneros con el movimiento que realizan. Adem\u00e1s, un convoy de una de las mineras habr\u00eda da\u00f1ado el sistema el\u00e9ctrico cuando transitaba por el lugar, por lo cual una comunidad no habr\u00eda tenido electrificaci\u00f3n durante tres d\u00edas.<\/p>\n<p>Tras sostener la comunidad una reuni\u00f3n virtual, se decidi\u00f3 dar una tregua a las dos empresas mineras hasta el lunes 10 de agosto. La agenda de la comunidad es establecer la ruta como corredor econ\u00f3mico; de esta manera, las empresas podr\u00e1n cumplir con su responsabilidad social y ambiental. \u00a0Adem\u00e1s, otra agenda pendiente para la poblaci\u00f3n es el resultado del monitoreo ambiental hecho por el Organismo de Evaluaci\u00f3n y Fiscalizaci\u00f3n Ambiental (OEFA). A la sesi\u00f3n participaron autoridades provinciales, distritales, dirigentes y poblaci\u00f3n en general.<\/p>\n<p>Vale precisar que la v\u00eda Cusco \u2013 Ranraccasa \u2013 Ccapacmarca fue bloqueada desde las 10 de la ma\u00f1ana hasta aproximadamente las 5 de la tarde. Esta ruta es utilizada de manera alterna por los camiones desde el conflicto en Espinar; por lo tanto, se ha intensificado el tr\u00e1nsito vehicular en esa zona.<\/p>\n<p><strong>ANTECEDENTES<\/strong><\/p>\n<p>El a\u00f1o pasado tambi\u00e9n ocurri\u00f3 lo mismo en la Paruro. La minera MMG Las Bambas empez\u00f3 a usar la v\u00eda alterna de Paruro, por lo que las comunidades de esta \u00faltima provincia acataron un paro que dej\u00f3 varios heridos, entre ellos una mujer campesina que perdi\u00f3 un ojo producto del impacto de un perdig\u00f3n. Incluso, tres dirigentes fueron acusados de ser responsables de los heridos durante las manifestaciones.<\/p>\n<p>A ra\u00edz del conflicto, se instal\u00f3 una mesa de di\u00e1logo. La empresa MMG Las Bambas se comprometi\u00f3 a darle mantenimiento de la red vial no asfaltada y elaborar la l\u00ednea de base social y ambiental en todas las comunidades por donde pasan los buses con personal de la minera.<\/p>","protected":false},"excerpt":{"rendered":"<p>Redacci\u00f3n DHSF La ruta Cusco \u2013 Ranraccasa \u2013 Ccapacmarca, utilizada por las empresas MMG Las Bambas y Hudbay en la regi\u00f3n de Cusco, fue bloqueada por unas horas por un grupo de comuneros de la comunidad y distrito de Paccareqtambo, provincia de Paruro, debido a la contaminaci\u00f3n ambiental que genera la circulaci\u00f3n de los camiones [&hellip;]<\/p>\n","protected":false},"author":1,"featured_media":3850,"comment_status":"open","ping_status":"open","sticky":false,"template":"","format":"standard","meta":{"_monsterinsights_skip_tracking":false,"_monsterinsights_sitenote_active":false,"_monsterinsights_sitenote_note":"","_monsterinsights_sitenote_category":0,"_jetpack_memberships_contains_paid_content":false,"footnotes":"","jetpack_publicize_message":"","jetpack_publicize_feature_enabled":true,"jetpack_social_post_already_shared":false,"jetpack_social_options":{"image_generator_settings":{"template":"highway","default_image_id":0,"font":"","enabled":false},"version":2}},"categories":[1],"tags":[],"class_list":["post-3849","post","type-post","status-publish","format-standard","has-post-thumbnail","hentry","category-sin-categoria"],"blocksy_meta":[],"jetpack_publicize_connections":[],"jetpack_featured_media_url":"https:\/\/derechosinfronteras.pe\/wp-content\/uploads\/2020\/08\/NOTA-BLOQUEO-A-LAS-MINERAS.jpg","jetpack_sharing_enabled":true,"jetpack_likes_enabled":true,"_links":{"self":[{"href":"https:\/\/derechosinfronteras.pe\/ingles\/wp-json\/wp\/v2\/posts\/3849","targetHints":{"allow":["GET"]}}],"collection":[{"href":"https:\/\/derechosinfronteras.pe\/ingles\/wp-json\/wp\/v2\/posts"}],"about":[{"href":"https:\/\/derechosinfronteras.pe\/ingles\/wp-json\/wp\/v2\/types\/post"}],"author":[{"embeddable":true,"href":"https:\/\/derechosinfronteras.pe\/ingles\/wp-json\/wp\/v2\/users\/1"}],"replies":[{"embeddable":true,"href":"https:\/\/derechosinfronteras.pe\/ingles\/wp-json\/wp\/v2\/comments?post=3849"}],"version-history":[{"count":0,"href":"https:\/\/derechosinfronteras.pe\/ingles\/wp-json\/wp\/v2\/posts\/3849\/revisions"}],"wp:featuredmedia":[{"embeddable":true,"href":"https:\/\/derechosinfronteras.pe\/ingles\/wp-json\/wp\/v2\/media\/3850"}],"wp:attachment":[{"href":"https:\/\/derechosinfronteras.pe\/ingles\/wp-json\/wp\/v2\/media?parent=3849"}],"wp:term":[{"taxonomy":"category","embeddable":true,"href":"https:\/\/derechosinfronteras.pe\/ingles\/wp-json\/wp\/v2\/categories?post=3849"},{"taxonomy":"post_tag","embeddable":true,"href":"https:\/\/derechosinfronteras.pe\/ingles\/wp-json\/wp\/v2\/tags?post=3849"}],"curies":[{"name":"wp","href":"https:\/\/api.w.org\/{rel}","templated":true}]}}