{"id":3853,"date":"2020-08-03T15:30:15","date_gmt":"2020-08-03T20:30:15","guid":{"rendered":"http:\/\/derechosinfronteras.pe\/?p=6463"},"modified":"2020-08-03T15:30:15","modified_gmt":"2020-08-03T20:30:15","slug":"organizaciones-de-derechos-humanos-invocamos-dialogo-que-atienda-las-demandas-repare-y-garantice-los-derechos-humanos","status":"publish","type":"post","link":"https:\/\/derechosinfronteras.pe\/ingles\/organizaciones-de-derechos-humanos-invocamos-dialogo-que-atienda-las-demandas-repare-y-garantice-los-derechos-humanos\/","title":{"rendered":"Organizaciones de derechos humanos: invocamos di\u00e1logo que atienda las demandas, repare y garantice los derechos humanos en Espinar"},"content":{"rendered":"<h3 style=\"text-align: center;\"><strong>COMUNICADO<\/strong><\/h3>\n<p style=\"text-align: left;\">Las organizaciones de la sociedad civil abajo firmantes, nos dirigimos a la opini\u00f3n p\u00fablica para expresar nuestra profunda preocupaci\u00f3n ante los hechos de violencia y represi\u00f3n que ha afectado a los ciudadanos y ciudadanas de la provincia de Espinar, quienes est\u00e1n acatando un paro indefinido desde hace 19 d\u00edas, en medio de la pandemia que viene afectando la econom\u00eda de las familias y el Estado de emergencia que limita el ejercicio de sus derechos. Al no atenderse el pedido de di\u00e1logo para buscar una soluci\u00f3n al conflicto, la poblaci\u00f3n ha decidido reactivar las medidas de protesta en las v\u00edas de acceso a Espinar.<\/p>\n<p>La pandemia y la cuarentena obligatoria llev\u00f3 a las organizaciones a proponer un bono solidario excepcional en el Comit\u00e9 de Gesti\u00f3n del Convenio Marco. Cabe recordar que el Convenio Marco suscrito entre la empresa minera Antapaccay y la Municipalidad Provincial de Espinar establece un fondo de 3% de las utilidades de la empresa para proyectos de desarrollo, el mismo que es administrado por un Comit\u00e9 de Gesti\u00f3n con participaci\u00f3n de los gobiernos locales, las organizaciones sociales, las comunidades y la empresa. As\u00ed, el 14 de mayo dicho Comit\u00e9 de Gesti\u00f3n tom\u00f3 la decisi\u00f3n de adjudicar fondos del Convenio Marco para el proyecto \u201cMejoramiento de los servicios de capacidades socio econ\u00f3micas, para la reactivaci\u00f3n econ\u00f3mica familiar frente a la situaci\u00f3n de emergencia COVID-19, en los 8 distritos de la provincia de Espinar\u201d, que sustenta el otorgamiento del bono solidario de emergencia.<\/p>\n<p>Sin embargo, la empresa Antapaccay, de la transnacional Glencore, se ha negado a desembolsar dichos fondos. Este desacuerdo ha generado que por m\u00e1s de 60 d\u00edas se viva una situaci\u00f3n de tensi\u00f3n, que llev\u00f3 al inicio un paro indefinido el pasado 15 de julio. En estas semanas, se han producido enfrentamientos, los que llegaron a su momento de mayor violencia entre los d\u00edas 19 y 22 de julio, resultando 3 personas con heridas de bala y decenas con perdigones, as\u00ed como el hostigamiento al personal m\u00e9dico del hospital de Espinar que atend\u00eda a los manifestantes. Tambi\u00e9n se recurre nuevamente a la criminalizaci\u00f3n de la protesta: ya 8 dirigentes recibieron notificaciones en v\u00eda de prevenci\u00f3n del delito por desobediencia a la autoridad por parte del Ministerio P\u00fablico.<\/p>\n<p>El conflicto de Espinar no es nuevo. La provincia convive por casi 40 a\u00f1os con la actividad minera. Sin embargo, esta no ha contribuido a mejorar de manera significativa las condiciones de vida de la poblaci\u00f3n. Esta pandemia ha sacado a la luz problemas estructurales, como la persistencia de la pobreza (seg\u00fan datos del Midis, 76% son pobres y pobres extremos). Al mismo tiempo, la poblaci\u00f3n de Espinar vive los impactos negativos de la miner\u00eda que vulneran sus derechos: cientos de personas de las 6 comunidades aleda\u00f1as a la explotaci\u00f3n minera sufren de niveles biol\u00f3gicos detectables de ars\u00e9nico, cadmio, mercurio y plomo en sus cuerpos; y la poblaci\u00f3n denuncia afectaci\u00f3n a la producci\u00f3n agr\u00edcola y pecuaria, incremento de la mortandad de animales, contaminaci\u00f3n de los r\u00edos Ca\u00f1ipia y Salado. Adem\u00e1s, las organizaciones sociales enfrentan una estrategia por parte del Estado que constantemente los estigmatiza y criminaliza, principalmente tras el conflicto de 2012.<\/p>\n<p>Frente a ello, exigimos que la protesta social sea resuelta en el tiempo m\u00e1s breve posible, atendiendo las demandas de la poblaci\u00f3n mediante un di\u00e1logo sin condicionamientos, que garantice el cumplimiento de los acuerdos y respetando los derechos humanos. Las entidades competentes del Estado deben realizar con celeridad la investigaci\u00f3n de las vulneraciones de derechos que se hayan producido en Espinar, y sancionar la actuaci\u00f3n arbitraria y desproporcionada de las fuerzas del orden. As\u00ed mismo, hacemos un llamado al Ministerio P\u00fablico y a los efectivos policiales y las FF.AA a actuar en el marco de los est\u00e1ndares internacionales a los derechos humanos.<\/p>\n<p>Cusco \u2013 Lima, 01 de agosto del 2020<\/p>\n<p><img fetchpriority=\"high\" decoding=\"async\" class=\"alignnone wp-image-6464\" src=\"http:\/\/derechosinfronteras.pe\/wp-content\/uploads\/2020\/08\/pronuciamiento-espinar-jpg.png\" alt=\"\" width=\"759\" height=\"181\" \/><\/p>","protected":false},"excerpt":{"rendered":"<p>COMUNICADO Las organizaciones de la sociedad civil abajo firmantes, nos dirigimos a la opini\u00f3n p\u00fablica para expresar nuestra profunda preocupaci\u00f3n ante los hechos de violencia y represi\u00f3n que ha afectado a los ciudadanos y ciudadanas de la provincia de Espinar, quienes est\u00e1n acatando un paro indefinido desde hace 19 d\u00edas, en medio de la pandemia [&hellip;]<\/p>\n","protected":false},"author":1,"featured_media":3854,"comment_status":"open","ping_status":"open","sticky":false,"template":"","format":"standard","meta":{"_monsterinsights_skip_tracking":false,"_monsterinsights_sitenote_active":false,"_monsterinsights_sitenote_note":"","_monsterinsights_sitenote_category":0,"_jetpack_memberships_contains_paid_content":false,"footnotes":"","jetpack_publicize_message":"","jetpack_publicize_feature_enabled":true,"jetpack_social_post_already_shared":false,"jetpack_social_options":{"image_generator_settings":{"template":"highway","default_image_id":0,"font":"","enabled":false},"version":2}},"categories":[1],"tags":[],"class_list":["post-3853","post","type-post","status-publish","format-standard","has-post-thumbnail","hentry","category-sin-categoria"],"blocksy_meta":[],"jetpack_publicize_connections":[],"jetpack_featured_media_url":"https:\/\/derechosinfronteras.pe\/wp-content\/uploads\/2020\/08\/NOTA-COMUNICADO-DHSF-REDMUQUI.jpg","jetpack_sharing_enabled":true,"jetpack_likes_enabled":true,"_links":{"self":[{"href":"https:\/\/derechosinfronteras.pe\/ingles\/wp-json\/wp\/v2\/posts\/3853","targetHints":{"allow":["GET"]}}],"collection":[{"href":"https:\/\/derechosinfronteras.pe\/ingles\/wp-json\/wp\/v2\/posts"}],"about":[{"href":"https:\/\/derechosinfronteras.pe\/ingles\/wp-json\/wp\/v2\/types\/post"}],"author":[{"embeddable":true,"href":"https:\/\/derechosinfronteras.pe\/ingles\/wp-json\/wp\/v2\/users\/1"}],"replies":[{"embeddable":true,"href":"https:\/\/derechosinfronteras.pe\/ingles\/wp-json\/wp\/v2\/comments?post=3853"}],"version-history":[{"count":0,"href":"https:\/\/derechosinfronteras.pe\/ingles\/wp-json\/wp\/v2\/posts\/3853\/revisions"}],"wp:featuredmedia":[{"embeddable":true,"href":"https:\/\/derechosinfronteras.pe\/ingles\/wp-json\/wp\/v2\/media\/3854"}],"wp:attachment":[{"href":"https:\/\/derechosinfronteras.pe\/ingles\/wp-json\/wp\/v2\/media?parent=3853"}],"wp:term":[{"taxonomy":"category","embeddable":true,"href":"https:\/\/derechosinfronteras.pe\/ingles\/wp-json\/wp\/v2\/categories?post=3853"},{"taxonomy":"post_tag","embeddable":true,"href":"https:\/\/derechosinfronteras.pe\/ingles\/wp-json\/wp\/v2\/tags?post=3853"}],"curies":[{"name":"wp","href":"https:\/\/api.w.org\/{rel}","templated":true}]}}