{"id":3858,"date":"2020-07-31T15:17:53","date_gmt":"2020-07-31T20:17:53","guid":{"rendered":"http:\/\/derechosinfronteras.pe\/?p=6452"},"modified":"2020-07-31T15:17:53","modified_gmt":"2020-07-31T20:17:53","slug":"gobierno-nacional-sigue-indiferente-al-paro-indefinido-en-espinar-en-pleno-estado-de-emergencia","status":"publish","type":"post","link":"https:\/\/derechosinfronteras.pe\/ingles\/gobierno-nacional-sigue-indiferente-al-paro-indefinido-en-espinar-en-pleno-estado-de-emergencia\/","title":{"rendered":"Gobierno Nacional sigue indiferente al paro indefinido en Espinar en pleno estado de emergencia"},"content":{"rendered":"<p>Redacci\u00f3n DHSF<\/p>\n<p>Pese a que hoy se cumplen 17 d\u00edas de paro indefinido contra la empresa minera Antapaccay, el Gobierno Nacional sigue sin responder el pedido de la poblaci\u00f3n con respecto a la instalaci\u00f3n de la mesa de di\u00e1logo a cargo de la Presidencia del Consejo de Ministros (PCM), a fin de resolver el conflicto.<\/p>\n<p>En respuesta, decenas de personas se han congregado en diferentes puntos del distrito de Yauri. En el \u00f3valo del mercado central se est\u00e1 realizando movilizaciones pac\u00edficas y contin\u00faa los bloqueos en el Corredor Vial Sur y en el puente Coporaque.<\/p>\n<p>La tarde de ayer los manifestantes recorrieron las principales calles llevando a cuestas tres ata\u00fades con los nombres de Mart\u00edn Vizcarra (presidente del pa\u00eds), Paola Bustamante (alta comisionada de la Presidencia del Consejo de Ministros), y Carlos Cotera y Livio Paliza (gerente general y gerente de Relaciones Comunitarias de Antapaccay, respectivamente). Esta acci\u00f3n simboliza la indiferencia del Gobierno y la minera frente a las demandas de la plataforma de lucha, que incluye 7 puntos:<\/p>\n<ol>\n<li>Cumplimiento inmediato del desembolso de S\/ 50 millones por parte de la minera Antapaccay para que se concrete el subsidio econ\u00f3mico de S\/ 1000.<\/li>\n<li>Reformulaci\u00f3n del Convenio Marco de Espinar.<\/li>\n<li>Rechazo al Proyecto Minero Antapaccay Expansi\u00f3n Tintaya Integraci\u00f3n Coroccohuayco mientras no entre a revisi\u00f3n ni a consulta previa.<\/li>\n<li>Urgente atenci\u00f3n a los afectados y afectadas por metales pesados en el cuerpo.<\/li>\n<li>Acceso a la justicia ambiental en el corredor minero.<\/li>\n<li>Reestructuraci\u00f3n urgente del Poder Judicial y Ministerio P\u00fablico<\/li>\n<li>La creaci\u00f3n de una comisi\u00f3n de alto nivel a cargo de investigar los actos cometidos contra los derechos humanos de la poblaci\u00f3n movilizada durante el paro indefinido<\/li>\n<\/ol>\n<p>El presidente del Frente \u00danico de Defensa de los Intereses de Espinar (FUDIE), Ricardo Carlos, inform\u00f3 que la incertidumbre sobre la intervenci\u00f3n de la PCM en el conflicto de Espinar se mantiene. \u201cNo se sabe nada, no s\u00e9 cu\u00e1ndo llegan o no llegan. Creo que hoy se sabr\u00e1 si llega la comisi\u00f3n de alto nivel de la PCM\u201d, declar\u00f3.<\/p>\n<p>Desde el pasado 27 de julio, fecha en que estaba programada la llegada de comisi\u00f3n de alto nivel de la PCM a Espinar, no hay informaci\u00f3n oficial sobre las nuevas acciones del Gobierno para restablecer el di\u00e1logo. En aquella oportunidad, el Gobierno \u2013 a trav\u00e9s de un comunicado- expres\u00f3 que la comitiva de alto nivel no llegar\u00eda a Espinar porque no se hab\u00eda garantizado la paz social. Tampoco la empresa minera acudi\u00f3 a la reuni\u00f3n. Sin embargo, los dirigentes, representantes de la sociedad civil y autoridades, quienes esperaban reunirse con dicha comisi\u00f3n, rechazaron tal afirmaci\u00f3n y dejaron constancia en un acta que se hab\u00eda cumplido con llamar a la calma social para recibir a la comitiva de alto nivel. El alcalde provincial Lolo Arenas viaj\u00f3 a Lima para solicitar a la PCM la instalaci\u00f3n de la mesa de di\u00e1logo. Por la tarde, a trav\u00e9s del Twitter, la PCM difundi\u00f3 la reuni\u00f3n que tuvo el premier Pedro Cateriano con Arenas, aunque no hay detalles de los acuerdos.<\/p>\n<p>En medio de este escenario de conflicto, Ricardo Carlos se\u00f1al\u00f3 que est\u00e1n realizando otras gestiones para informar sobre la represi\u00f3n policial en las manifestaciones que dej\u00f3 varios heridos. \u201cSe ha informado ya al Ministerio de Energ\u00eda y Minas sobre las acciones de la polic\u00eda en la violaci\u00f3n de los derechos (en las manifestaciones)\u201d, precis\u00f3.<\/p>\n<p>Asimismo, diferentes organizaciones sociales, instituciones, colectivos y redes del pa\u00eds y de distintas partes del mundo han brindado su respaldo al paro acatado por el pueblo de Espinar.<\/p>\n<p>Finalmente, los alcaldes distritales de la provincia de Espinar emitieron un comunicado, el cual se\u00f1ala la voluntad al di\u00e1logo para solucionar de manera justa los reclamos de la poblaci\u00f3n. Adem\u00e1s, exigieron a los representantes de la empresa Antapaccay \u201cdejar las actitudes de o\u00eddos sordos, altanerismo e intransigencia y de una vez firmen la transferencia de los S\/ 50 millones\u201d para que se haga realidad la entrega del bono.<\/p>","protected":false},"excerpt":{"rendered":"<p>Redacci\u00f3n DHSF Pese a que hoy se cumplen 17 d\u00edas de paro indefinido contra la empresa minera Antapaccay, el Gobierno Nacional sigue sin responder el pedido de la poblaci\u00f3n con respecto a la instalaci\u00f3n de la mesa de di\u00e1logo a cargo de la Presidencia del Consejo de Ministros (PCM), a fin de resolver el conflicto. [&hellip;]<\/p>\n","protected":false},"author":1,"featured_media":3859,"comment_status":"open","ping_status":"open","sticky":false,"template":"","format":"standard","meta":{"_monsterinsights_skip_tracking":false,"_monsterinsights_sitenote_active":false,"_monsterinsights_sitenote_note":"","_monsterinsights_sitenote_category":0,"_jetpack_memberships_contains_paid_content":false,"footnotes":"","jetpack_publicize_message":"","jetpack_publicize_feature_enabled":true,"jetpack_social_post_already_shared":false,"jetpack_social_options":{"image_generator_settings":{"template":"highway","default_image_id":0,"font":"","enabled":false},"version":2}},"categories":[1],"tags":[],"class_list":["post-3858","post","type-post","status-publish","format-standard","has-post-thumbnail","hentry","category-sin-categoria"],"blocksy_meta":[],"jetpack_publicize_connections":[],"jetpack_featured_media_url":"https:\/\/derechosinfronteras.pe\/wp-content\/uploads\/2020\/07\/NOTA-ATAUDESESPINAR.jpg","jetpack_sharing_enabled":true,"jetpack_likes_enabled":true,"_links":{"self":[{"href":"https:\/\/derechosinfronteras.pe\/ingles\/wp-json\/wp\/v2\/posts\/3858","targetHints":{"allow":["GET"]}}],"collection":[{"href":"https:\/\/derechosinfronteras.pe\/ingles\/wp-json\/wp\/v2\/posts"}],"about":[{"href":"https:\/\/derechosinfronteras.pe\/ingles\/wp-json\/wp\/v2\/types\/post"}],"author":[{"embeddable":true,"href":"https:\/\/derechosinfronteras.pe\/ingles\/wp-json\/wp\/v2\/users\/1"}],"replies":[{"embeddable":true,"href":"https:\/\/derechosinfronteras.pe\/ingles\/wp-json\/wp\/v2\/comments?post=3858"}],"version-history":[{"count":0,"href":"https:\/\/derechosinfronteras.pe\/ingles\/wp-json\/wp\/v2\/posts\/3858\/revisions"}],"wp:featuredmedia":[{"embeddable":true,"href":"https:\/\/derechosinfronteras.pe\/ingles\/wp-json\/wp\/v2\/media\/3859"}],"wp:attachment":[{"href":"https:\/\/derechosinfronteras.pe\/ingles\/wp-json\/wp\/v2\/media?parent=3858"}],"wp:term":[{"taxonomy":"category","embeddable":true,"href":"https:\/\/derechosinfronteras.pe\/ingles\/wp-json\/wp\/v2\/categories?post=3858"},{"taxonomy":"post_tag","embeddable":true,"href":"https:\/\/derechosinfronteras.pe\/ingles\/wp-json\/wp\/v2\/tags?post=3858"}],"curies":[{"name":"wp","href":"https:\/\/api.w.org\/{rel}","templated":true}]}}