{"id":3860,"date":"2020-07-30T12:09:04","date_gmt":"2020-07-30T17:09:04","guid":{"rendered":"http:\/\/derechosinfronteras.pe\/?p=6443"},"modified":"2020-07-30T12:09:04","modified_gmt":"2020-07-30T17:09:04","slug":"ministerio-publico-notifica-a-dirigentes-de-espinar-por-la-autoconvocatoria-al-paro-indefinido","status":"publish","type":"post","link":"https:\/\/derechosinfronteras.pe\/ingles\/ministerio-publico-notifica-a-dirigentes-de-espinar-por-la-autoconvocatoria-al-paro-indefinido\/","title":{"rendered":"Ministerio P\u00fablico notifica a dirigentes de Espinar por la autoconvocatoria al paro indefinido"},"content":{"rendered":"<p>Redacci\u00f3n DHSF<\/p>\n<p>La Fiscal\u00eda Provincial Penal de Espinar decidi\u00f3 notificar a los dirigentes que integran el Comit\u00e9 de Lucha Provincial de Espinar antes que identificar a los actores sociales que provocan el paro indefinido en pleno estado de emergencia.<\/p>\n<p>La finalidad es exhortar a los miembros de dicho comit\u00e9 y a los que resulten responsables de la presunta comisi\u00f3n del delito contra la seguridad p\u00fablica, en la modalidad de entorpecimiento a las v\u00edas de comunicaci\u00f3n, entorpecimiento al funcionamiento de servicios p\u00fablicos y otros, contra la tranquilidad p\u00fablica \u2013 paz p\u00fablica, en la modalidad de disturbios y por el delito contra la administraci\u00f3n p\u00fablica en la modalidad de resistencia y desobediencia a la autoridad en agravio del Estado.<\/p>\n<p>Adem\u00e1s, el Ministerio P\u00fablico recomend\u00f3 a la Polic\u00eda Nacional del Per\u00fa, por intermedio de la Comisar\u00eda Sectorial de Espinar, mantenerse en alerta y adoptar las medidas preventivas necesarias para evitar la alteraci\u00f3n del orden p\u00fablico, bloqueo de las diferentes v\u00edas y salidas de Espinar a otros distritos.<\/p>\n<p>Esta disposici\u00f3n fue enviada directamente al comisario de Espinar, Edwin Albino Rivera, quien luego notific\u00f3 al Comit\u00e9 de Lucha Provincial por orden de la Fiscal\u00eda Provincial Penal de Espinar.<\/p>\n<p>El pasado 25 de julio, se realiz\u00f3 la reuni\u00f3n multiorganizacional en el contexto de la autoconvocatoria al paro indefinido. Esta sesi\u00f3n fue tomada como prueba por la fiscal\u00eda que decidi\u00f3 despu\u00e9s notificar a los dirigentes.<\/p>\n<p>Vale precisar que el Comit\u00e9 de Lucha Provincial cumple un rol espec\u00edfico y temporal con respecto a las demandas de la poblaci\u00f3n de Espinar. Hasta el momento se desconoce si el Ministerio P\u00fablico ha iniciado acciones contra la represi\u00f3n policial que caus\u00f3 varios heridos en las protestas.<\/p>","protected":false},"excerpt":{"rendered":"<p>Redacci\u00f3n DHSF La Fiscal\u00eda Provincial Penal de Espinar decidi\u00f3 notificar a los dirigentes que integran el Comit\u00e9 de Lucha Provincial de Espinar antes que identificar a los actores sociales que provocan el paro indefinido en pleno estado de emergencia. La finalidad es exhortar a los miembros de dicho comit\u00e9 y a los que resulten responsables [&hellip;]<\/p>\n","protected":false},"author":1,"featured_media":3861,"comment_status":"open","ping_status":"open","sticky":false,"template":"","format":"standard","meta":{"_monsterinsights_skip_tracking":false,"_monsterinsights_sitenote_active":false,"_monsterinsights_sitenote_note":"","_monsterinsights_sitenote_category":0,"_jetpack_memberships_contains_paid_content":false,"footnotes":"","jetpack_publicize_message":"","jetpack_publicize_feature_enabled":true,"jetpack_social_post_already_shared":false,"jetpack_social_options":{"image_generator_settings":{"template":"highway","default_image_id":0,"font":"","enabled":false},"version":2}},"categories":[1],"tags":[],"class_list":["post-3860","post","type-post","status-publish","format-standard","has-post-thumbnail","hentry","category-sin-categoria"],"blocksy_meta":[],"jetpack_publicize_connections":[],"jetpack_featured_media_url":"https:\/\/derechosinfronteras.pe\/wp-content\/uploads\/2020\/07\/NOTA-fiscalianotificaadirigentes.jpg","jetpack_sharing_enabled":true,"jetpack_likes_enabled":true,"_links":{"self":[{"href":"https:\/\/derechosinfronteras.pe\/ingles\/wp-json\/wp\/v2\/posts\/3860","targetHints":{"allow":["GET"]}}],"collection":[{"href":"https:\/\/derechosinfronteras.pe\/ingles\/wp-json\/wp\/v2\/posts"}],"about":[{"href":"https:\/\/derechosinfronteras.pe\/ingles\/wp-json\/wp\/v2\/types\/post"}],"author":[{"embeddable":true,"href":"https:\/\/derechosinfronteras.pe\/ingles\/wp-json\/wp\/v2\/users\/1"}],"replies":[{"embeddable":true,"href":"https:\/\/derechosinfronteras.pe\/ingles\/wp-json\/wp\/v2\/comments?post=3860"}],"version-history":[{"count":0,"href":"https:\/\/derechosinfronteras.pe\/ingles\/wp-json\/wp\/v2\/posts\/3860\/revisions"}],"wp:featuredmedia":[{"embeddable":true,"href":"https:\/\/derechosinfronteras.pe\/ingles\/wp-json\/wp\/v2\/media\/3861"}],"wp:attachment":[{"href":"https:\/\/derechosinfronteras.pe\/ingles\/wp-json\/wp\/v2\/media?parent=3860"}],"wp:term":[{"taxonomy":"category","embeddable":true,"href":"https:\/\/derechosinfronteras.pe\/ingles\/wp-json\/wp\/v2\/categories?post=3860"},{"taxonomy":"post_tag","embeddable":true,"href":"https:\/\/derechosinfronteras.pe\/ingles\/wp-json\/wp\/v2\/tags?post=3860"}],"curies":[{"name":"wp","href":"https:\/\/api.w.org\/{rel}","templated":true}]}}