{"id":3864,"date":"2020-07-30T10:18:33","date_gmt":"2020-07-30T15:18:33","guid":{"rendered":"http:\/\/derechosinfronteras.pe\/?p=6431"},"modified":"2020-07-30T10:18:33","modified_gmt":"2020-07-30T15:18:33","slug":"testimonio-adolescente-habria-sido-golpeada-por-la-pnp-en-el-contexto-del-paro-en-espinar","status":"publish","type":"post","link":"https:\/\/derechosinfronteras.pe\/ingles\/testimonio-adolescente-habria-sido-golpeada-por-la-pnp-en-el-contexto-del-paro-en-espinar\/","title":{"rendered":"Testimonio: adolescente habr\u00eda sido golpeada por la PNP en el contexto del paro en Espinar"},"content":{"rendered":"<p>Redacci\u00f3n DHSF<\/p>\n<p>Una adolescente de 13 a\u00f1os que no formaba parte de la protesta social habr\u00eda sido golpeada por polic\u00edas en Espinar.<\/p>\n<p>As\u00ed lo relat\u00f3 la madre de la menor de edad, quien \u2013adem\u00e1s- dijo que su hija hab\u00eda ido a la tienda para reparar su celular, cuando regresaba a su vivienda fue sorprendida por los agentes. \u201cEsa noche no hab\u00eda luz, ella estaba regresando a la casa mirando su celular y ellos pensaban que mi hija los estaba grabando, entonces le han quitado el celular, la golpearon y todo\u201d, coment\u00f3.<\/p>\n<p>En esas circunstancias, la adolescente recibi\u00f3 golpes en la pierna y en el brazo. El miedo fue tan grande que prefiri\u00f3 no volver a su casa. \u201cElla me dice que las personas que atend\u00edan en las tiendas la han auxiliado. Ella se fue a la casa de una t\u00eda lejana porque ten\u00eda miedo volver a nuestra casa y encontrar de nuevo a los efectivos\u201d, precis\u00f3 la madre.<\/p>\n<p>Sin embargo, la familia de la menor desconoc\u00eda de lo ocurrido y al ver que la adolescente no volv\u00eda decidi\u00f3 presentar una denuncia por desaparici\u00f3n al d\u00eda siguiente. Este hecho se registr\u00f3 el pasado 21 de julio, espec\u00edficamente el s\u00e9ptimo d\u00eda de paro.<\/p>\n<p>La adolescente fue ubicada dos d\u00edas despu\u00e9s. \u201cMi hija ha estado bien traumada y al principio no ubicaba la casa de su t\u00eda. (Luego) la t\u00eda quiso llevar a mi hija de regreso, pero ella no quer\u00eda salir a la calle por miedo\u2026 seg\u00fan dice mi hija, con la vara la han golpeado\u201d, concluy\u00f3.<\/p>\n<p>Este es el primer testimonio sobre afectaci\u00f3n de derechos humanos durante la huelga en Espinar. Hasta el momento solo se ten\u00eda videos difundidos en las redes sociales con respecto a la represi\u00f3n policial. No se descarta que haya m\u00e1s casos de vulneraci\u00f3n de derechos a mujeres menores de edad en Espinar generado por la Polic\u00eda, y el Ministerio Publico a\u00fan se mantiene en silencio.<\/p>\n<p>Si conoce alg\u00fan hecho de esta \u00edndole o si usted ha sido v\u00edctima, puede escribir al siguiente correo electr\u00f3nico <a href=\"mailto:dhsf@derechoshumanos.pe\">dhsf@derechoshumanos.pe<\/a> o llamar al 084-242115.<\/p>\n<p><strong><u>DATO IMPORTANTE<\/u><\/strong><\/p>\n<p>El Tribunal Constitucional del Per\u00fa ha establecido \u201c\u2026 en la medida en que la sola posibilidad de que se autorice el uso de la fuerza\u2026 en todos los casos, conforme a la Constituci\u00f3n y el derecho internacional de los derechos humanos, esto es, debe <strong>ejercerse de manera estrictamente necesaria y proporcional<\/strong>, lo cual implica distinguir entre quienes protestan pac\u00edficamente o cuya finalidad no es la violencia en s\u00ed misma y no emplean medios violentos\u2026\u201d (Exp. 0009-2018-PI\/TC F.94)<\/p>\n<p>El uso excesivo, desproporcionado y falta de gradualidad en el uso de la fuerza por parte de la Polic\u00eda en Espinar contra adolescentes &#8211; menores de edad es una grave afectaci\u00f3n a los derechos fundamentales.<\/p>","protected":false},"excerpt":{"rendered":"<p>Redacci\u00f3n DHSF Una adolescente de 13 a\u00f1os que no formaba parte de la protesta social habr\u00eda sido golpeada por polic\u00edas en Espinar. As\u00ed lo relat\u00f3 la madre de la menor de edad, quien \u2013adem\u00e1s- dijo que su hija hab\u00eda ido a la tienda para reparar su celular, cuando regresaba a su vivienda fue sorprendida por [&hellip;]<\/p>\n","protected":false},"author":1,"featured_media":3865,"comment_status":"open","ping_status":"open","sticky":false,"template":"","format":"standard","meta":{"_monsterinsights_skip_tracking":false,"_monsterinsights_sitenote_active":false,"_monsterinsights_sitenote_note":"","_monsterinsights_sitenote_category":0,"_jetpack_memberships_contains_paid_content":false,"footnotes":"","jetpack_publicize_message":"","jetpack_publicize_feature_enabled":true,"jetpack_social_post_already_shared":false,"jetpack_social_options":{"image_generator_settings":{"template":"highway","default_image_id":0,"font":"","enabled":false},"version":2}},"categories":[1],"tags":[],"class_list":["post-3864","post","type-post","status-publish","format-standard","has-post-thumbnail","hentry","category-sin-categoria"],"blocksy_meta":[],"jetpack_publicize_connections":[],"jetpack_featured_media_url":"https:\/\/derechosinfronteras.pe\/wp-content\/uploads\/2020\/07\/NOTA-TESTIMONIO.jpg","jetpack_sharing_enabled":true,"jetpack_likes_enabled":true,"_links":{"self":[{"href":"https:\/\/derechosinfronteras.pe\/ingles\/wp-json\/wp\/v2\/posts\/3864","targetHints":{"allow":["GET"]}}],"collection":[{"href":"https:\/\/derechosinfronteras.pe\/ingles\/wp-json\/wp\/v2\/posts"}],"about":[{"href":"https:\/\/derechosinfronteras.pe\/ingles\/wp-json\/wp\/v2\/types\/post"}],"author":[{"embeddable":true,"href":"https:\/\/derechosinfronteras.pe\/ingles\/wp-json\/wp\/v2\/users\/1"}],"replies":[{"embeddable":true,"href":"https:\/\/derechosinfronteras.pe\/ingles\/wp-json\/wp\/v2\/comments?post=3864"}],"version-history":[{"count":0,"href":"https:\/\/derechosinfronteras.pe\/ingles\/wp-json\/wp\/v2\/posts\/3864\/revisions"}],"wp:featuredmedia":[{"embeddable":true,"href":"https:\/\/derechosinfronteras.pe\/ingles\/wp-json\/wp\/v2\/media\/3865"}],"wp:attachment":[{"href":"https:\/\/derechosinfronteras.pe\/ingles\/wp-json\/wp\/v2\/media?parent=3864"}],"wp:term":[{"taxonomy":"category","embeddable":true,"href":"https:\/\/derechosinfronteras.pe\/ingles\/wp-json\/wp\/v2\/categories?post=3864"},{"taxonomy":"post_tag","embeddable":true,"href":"https:\/\/derechosinfronteras.pe\/ingles\/wp-json\/wp\/v2\/tags?post=3864"}],"curies":[{"name":"wp","href":"https:\/\/api.w.org\/{rel}","templated":true}]}}