{"id":3866,"date":"2020-07-29T18:50:09","date_gmt":"2020-07-29T23:50:09","guid":{"rendered":"http:\/\/derechosinfronteras.pe\/?p=6428"},"modified":"2020-07-29T18:50:09","modified_gmt":"2020-07-29T23:50:09","slug":"plataforma-europa-peru-se-manifiesta-ante-la-represion-contra-personas-defensoras-de-derechos-en-espinar","status":"publish","type":"post","link":"https:\/\/derechosinfronteras.pe\/ingles\/plataforma-europa-peru-se-manifiesta-ante-la-represion-contra-personas-defensoras-de-derechos-en-espinar\/","title":{"rendered":"Plataforma Europa Per\u00fa se manifiesta ante la represi\u00f3n contra personas defensoras de derechos en Espinar"},"content":{"rendered":"<p style=\"text-align: right;\"><em><strong>29 de julio de 2020<\/strong><\/em><\/p>\n<p>La\u00a0<strong>Plataforma Europa Per\u00fa (PEP)<\/strong>\u00a0manifiesta su\u00a0<strong>preocupaci\u00f3n por los hechos ocurridos en la provincia de Espinar, Cusco, a ra\u00edz de las protestas de las comunidades aleda\u00f1as al proyecto minero de Antapaccay<\/strong>, quienes vienen sufriendo los impactos negativos de la miner\u00eda en la zona por casi 40 a\u00f1os y que actualmente est\u00e1n pasando por una crisis excepcional tras la pandemia de Covid-19<\/p>\n<p>Seg\u00fan informes, el 15 de julio, dirigentes de las comunidades de Espinar llamaron a un paro indefinido debido a la negativa de la empresa multinacional anglosuiza Glencore a aportar un monto econ\u00f3mico individual de S\/1000 a la poblaci\u00f3n por la crisis econ\u00f3mica resultante de la pandemia\u00a0<a href=\"https:\/\/www.entrepueblos.org\/news\/represion-espinar\/?fbclid=IwAR1Udvmg4jS4lSIR04Sy1v8HWArkpR9zBkhsKFsmL9MG_uO5oitmcIGdAOM#nota1\" target=\"_blank\" rel=\"noopener\">1<\/a>. Para la poblaci\u00f3n, ese monto formar\u00eda parte de los compromisos que la empresa ha asumido a trav\u00e9s del Convenio Marco, que fue firmado por la minera (en aquellos entonces BHP Billiton) y las comunidades aleda\u00f1as y la provincia de Espinar en el a\u00f1o 2003.<\/p>\n<p>De acuerdo con informaci\u00f3n recibida, la fuerza policial y militar ha intentado detener las protestas haciendo uso de bombas lacrim\u00f3genas y perdigones, lo que provoc\u00f3 la quema de pastos y el incendio de la casa de bombeo, ubicada en la zona de Camaccmayo. El 24 de julio, tambi\u00e9n hubo reportes de un enfrentamiento entre agentes policiales y un grupo de j\u00f3venes que se encontraba en la entrada del distrito de Yauri. Los efectivos utilizaron perdigones, armas de fuego y bombas lacrim\u00f3genas resultando heridos 5 manifestantes, evacuados al Hospital de Espinar. Dos de ellos ser\u00edan menores de edad, 17 y 16 a\u00f1os, respectivamente. La doctora Gloria C\u00e1rdenas Alarc\u00f3n, del hospital de Espinar, report\u00f3 que 3 personas heridas sufrieron impactos de proyectil de arma de fuego y que ella misma est\u00e1 sufriendo hostigamiento por parte del sistema de justicia por denunciar estos hechos; seg\u00fan informes, ha sido citada por la fiscal\u00eda y tres polic\u00edas se presentaron en su centro de trabajo.<\/p>\n<p>En este contexto, la situaci\u00f3n de las mujeres defensoras de derechos humanos resulta de especial preocupaci\u00f3n. Las actividades mineras en la zona han tenido efectos muy adversos para las poblaciones aleda\u00f1as, que sufren las consecuencias de la contaminaci\u00f3n de metales pesados en sus cuerpos y en el agua que consumen o usan para actividades agr\u00edcolas\u00a0<a href=\"https:\/\/www.entrepueblos.org\/news\/represion-espinar\/?fbclid=IwAR1Udvmg4jS4lSIR04Sy1v8HWArkpR9zBkhsKFsmL9MG_uO5oitmcIGdAOM#nota1\" target=\"_blank\" rel=\"noopener\">2<\/a>. Las mujeres han sufrido particularmente los impactos negativos de la miner\u00eda, tanto en temas de salud, alimentaci\u00f3n, trabajo y econom\u00eda. Por ello, son ellas las que en su mayor\u00eda han salido a protestar y se han visto m\u00e1s afectadas por abusos de las fuerzas policiales, habi\u00e9ndose reportado en medios locales y redes sociales denuncias de agresiones f\u00edsicas y violencia sexual.<\/p>\n<p>Como instituciones y redes que promovemos el ejercicio y la defensa de los derechos humanos, rechazamos todo acto de hostigamiento y criminalizaci\u00f3n de la protesta social. El pasado 6 de julio, el Tribunal Constitucional de Per\u00fa public\u00f3 una sentencia hist\u00f3rica reconociendo el derecho a la protesta como un principio fundamental y un derecho en s\u00ed mismo.<a href=\"https:\/\/www.entrepueblos.org\/news\/represion-espinar\/?fbclid=IwAR1Udvmg4jS4lSIR04Sy1v8HWArkpR9zBkhsKFsmL9MG_uO5oitmcIGdAOM#nota1\" target=\"_blank\" rel=\"noopener\">3<\/a>\u00a0La PEP acoge con gran satisfacci\u00f3n esta sentencia y exhorta a las autoridades en el Per\u00fa a que se abstengan de utilizar el sistema de justicia para fines coyunturales, como ocurre actualmente en contra de las y los l\u00edderes y dirigentes sociales de Espinar. Al respecto, hemos tomado conocimiento sobre disposiciones de investigaci\u00f3n de la fiscal\u00eda por delitos que no se han cometido\u00a0<a href=\"https:\/\/www.entrepueblos.org\/news\/represion-espinar\/?fbclid=IwAR1Udvmg4jS4lSIR04Sy1v8HWArkpR9zBkhsKFsmL9MG_uO5oitmcIGdAOM#nota1\" target=\"_blank\" rel=\"noopener\">4<\/a>, sin investigar las causas de la protesta social y las demandas de Espinar. Hay que recordar que las investigaciones fiscales han sido reiteradamente utilizadas en Espinar y en otros casos con el objeto de obstaculizar las actividades de l\u00edderes y personas que trabajan por la defensa de los derechos humanos.<\/p>\n<p>Asimismo, mostramos preocupaci\u00f3n ante el inicio de una campa\u00f1a de desprestigio contra las y los l\u00edderes sociales de Espinar; as\u00ed como el hecho que la empresa haya iniciado una fuerte campa\u00f1a medi\u00e1tica con una propuesta paralela denominada \u201cReactiva Espinar\u201d, que en lugar de facilitar el di\u00e1logo provocan y generan malestar en medio de un paro indefinido.<\/p>\n<p>Derechos Humanos sin Fronteras, Red Muqui, CooperAcci\u00f3n y la Coordinadora Nacional de Derechos Humanos, a trav\u00e9s de diversos canales, han hecho un llamado al di\u00e1logo e invocado a las instancias correspondientes a garantizar la protecci\u00f3n de los derechos humanos. Asimismo, la PEP da la bienvenida a los esfuerzos por reiniciar el di\u00e1logo a trav\u00e9s de la formaci\u00f3n de un grupo de alto nivel para discutir temas fundamentales para la poblaci\u00f3n de Espinar. Es importante se\u00f1alar que hay una agenda hist\u00f3rica pendiente a resolver en Espinar, como son la revisi\u00f3n y reformulaci\u00f3n de un nuevo convenio marco, atender los impactos a la salud y el medio ambiente en las comunidades, la omisi\u00f3n de la consulta previa en los proyectos de Antapaccay y pr\u00f3ximamente Coroccohuayco, entre otros temas. Por ello, confiamos que este di\u00e1logo tome en cuenta estos pendientes y cumpla con los requisitos que se requieren para ser exitoso, incluyendo garant\u00edas para que sea un di\u00e1logo horizontal y participativo.<\/p>\n<p>Ante lo mencionado, y en cumplimiento de las recomendaciones que el Relator de la ONU sobre la situaci\u00f3n de personas defensoras hizo en enero de este a\u00f1o, en su visita a Per\u00fa, instamos a las autoridades peruanas a:<\/p>\n<p>\u2013 que cesen los actos de criminalizaci\u00f3n de la protesta social y de hostigamiento contra defensoras y defensores de derechos humanos. Adem\u00e1s, que se investiguen las violaciones de derechos humanos cometidas por las fuerzas del orden p\u00fablico y se garanticen los derechos humanos de las personas defensoras, en especial su derecho a defender derechos, su derecho constitucional a la protesta, y la protecci\u00f3n integral por su labor como defensores\/as de derechos humanos ambientales.<\/p>\n<p>\u2013 que dispongan la creaci\u00f3n de un equipo encargado de investigar de manera inmediata actos de violencia de g\u00e9nero f\u00edsica y sexual en agravio de mujeres defensoras, por parte de personal policial, militar, seguridad privada o trabajadores de la\u00a0 empresa, en el marco de intervenciones a veh\u00edculos en la zona y medidas adoptadas por el Estado para mitigar la movilizaci\u00f3n.<\/p>\n<p>\u2013 que se redoblen los esfuerzos para resolver el conflicto de manera pac\u00edfica en esta parte de la regi\u00f3n Cusco, una zona donde el derecho a la salud y la vida y el derecho a un medio ambiente sin contaminaci\u00f3n han sido sistem\u00e1ticamente vulnerados por parte de la minera Antapaccay, perteneciente a la compa\u00f1\u00eda Glencore.<\/p>\n<p>\u2013 finalmente, que el compromiso de iniciar un di\u00e1logo por el gobierno y la poblaci\u00f3n se realice de manera pronta y efectiva, sin demoras, como ha sido el caso el \u00faltimo lunes, cuando el di\u00e1logo se cancel\u00f3 a \u00faltimo momento por funcionarios del\u00a0 gobierno nacional, lo cual solo genera m\u00e1s desconfianza en la poblaci\u00f3n local.<br \/>\n<a name=\"nota1\"><\/a><\/p>\n<p>&nbsp;<\/p>\n<hr \/>\n<ol>\n<li>La pandemia del Covid-19, ha afectado a 48 trabajadores de Glencore, quienes han seguido operando durante la emergencia a pesar de no ser una actividad esencial, lo que ha impactado a pobladores de Espinar quienes viven en su mayor\u00eda de la actividad agropecuaria, peque\u00f1o y mediano comercio y servicios.<\/li>\n<li>Se han registrado 506 personas de 6 comunidades aleda\u00f1as a la explotaci\u00f3n minera de los cuales el 100 % se encuentran con niveles biol\u00f3gicos detectables de metales t\u00f3xicos; afectaci\u00f3n a la producci\u00f3n agr\u00edcola y pecuaria, incremento de la mortandad de animales; la contaminaci\u00f3n de los r\u00edos Ca\u00f1ip\u00eda y Salado, los polvos del transporte minero y las explosiones de sus operaciones.<\/li>\n<li>https:\/\/idl.org.pe\/tribunal-constitucional-reconoce-por-primera-vez-el-derecho-fundamental-a-la-protesta\/<\/li>\n<li>El 15 de julio han sido notificados 8 dirigentes de las principales organizaciones de Espinar: Comit\u00e9 de Lucha de Espinar, Frente \u00danico de Defensa de los Intereses de Espinar (FUDIE) y Construcci\u00f3n Civil Espinar, en v\u00eda de prevenci\u00f3n del delito por el Ministerio P\u00fablico por la \u201ccomisi\u00f3n de delito contra la Administraci\u00f3n P\u00fablica, en la modalidad de Resistencia o desobediencia a la Autoridad, tipificado en el art\u00edculo 368\u00b0 del CP, en agravio del Estado\u201d que tiene un claro objetivo de amedrentamiento, criminalizaci\u00f3n y desmovilizaci\u00f3n.<\/li>\n<\/ol>\n<hr \/>\n<h4><\/h4>\n<h4>Plataforma Europa Per\u00fa<\/h4>\n<p>\u2013 Asociaci\u00f3n pro derechos humanos de Espa\u00f1a (Espa\u00f1a)<br \/>\n\u2013 Asociaci\u00f3n Putumayo (B\u00e9lgica)<br \/>\n\u2013 Broederlijk Delen (B\u00e9lgica)<br \/>\n\u2013 Catapa (B\u00e9lgica)<br \/>\n\u2013 Centro de Investigaci\u00f3n y Documentaci\u00f3n Chile-Am\u00e9rica Latina (Alemania)<br \/>\n\u2013 Commission Justice et Paix (B\u00e9lgica)<br \/>\n\u2013 Entraide et Fraternit\u00e9 (Francia)<br \/>\n\u2013 Entrepueblos (Espa\u00f1a)<br \/>\n\u2013 FOS (B\u00e9lgica)<br \/>\n\u2013 Informationsstelle Peru e.V. (Alemania)<br \/>\n\u2013 Kampagne \u201cBergwerk Peru \u2013 Reichtum geht Armut Bleibt\u201d, Campa\u00f1a Per\u00fa Pa\u00eds Minero (Alemania)<br \/>\n\u2013 Peru Support Group (Reino Unido)<br \/>\n\u2013 Peru Kommiten for MR (Sweden)<br \/>\n\u2013 Secours Catholique (Francia)<br \/>\n\u2013 11.11.11 (B\u00e9lgica)<\/p>","protected":false},"excerpt":{"rendered":"<p>29 de julio de 2020 La\u00a0Plataforma Europa Per\u00fa (PEP)\u00a0manifiesta su\u00a0preocupaci\u00f3n por los hechos ocurridos en la provincia de Espinar, Cusco, a ra\u00edz de las protestas de las comunidades aleda\u00f1as al proyecto minero de Antapaccay, quienes vienen sufriendo los impactos negativos de la miner\u00eda en la zona por casi 40 a\u00f1os y que actualmente est\u00e1n pasando [&hellip;]<\/p>\n","protected":false},"author":1,"featured_media":3867,"comment_status":"open","ping_status":"open","sticky":false,"template":"","format":"standard","meta":{"_monsterinsights_skip_tracking":false,"_monsterinsights_sitenote_active":false,"_monsterinsights_sitenote_note":"","_monsterinsights_sitenote_category":0,"_jetpack_memberships_contains_paid_content":false,"footnotes":"","jetpack_publicize_message":"","jetpack_publicize_feature_enabled":true,"jetpack_social_post_already_shared":false,"jetpack_social_options":{"image_generator_settings":{"template":"highway","default_image_id":0,"font":"","enabled":false},"version":2}},"categories":[1],"tags":[],"class_list":["post-3866","post","type-post","status-publish","format-standard","has-post-thumbnail","hentry","category-sin-categoria"],"blocksy_meta":[],"jetpack_publicize_connections":[],"jetpack_featured_media_url":"https:\/\/derechosinfronteras.pe\/wp-content\/uploads\/2020\/07\/NOTA-PEP.jpg","jetpack_sharing_enabled":true,"jetpack_likes_enabled":true,"_links":{"self":[{"href":"https:\/\/derechosinfronteras.pe\/ingles\/wp-json\/wp\/v2\/posts\/3866","targetHints":{"allow":["GET"]}}],"collection":[{"href":"https:\/\/derechosinfronteras.pe\/ingles\/wp-json\/wp\/v2\/posts"}],"about":[{"href":"https:\/\/derechosinfronteras.pe\/ingles\/wp-json\/wp\/v2\/types\/post"}],"author":[{"embeddable":true,"href":"https:\/\/derechosinfronteras.pe\/ingles\/wp-json\/wp\/v2\/users\/1"}],"replies":[{"embeddable":true,"href":"https:\/\/derechosinfronteras.pe\/ingles\/wp-json\/wp\/v2\/comments?post=3866"}],"version-history":[{"count":0,"href":"https:\/\/derechosinfronteras.pe\/ingles\/wp-json\/wp\/v2\/posts\/3866\/revisions"}],"wp:featuredmedia":[{"embeddable":true,"href":"https:\/\/derechosinfronteras.pe\/ingles\/wp-json\/wp\/v2\/media\/3867"}],"wp:attachment":[{"href":"https:\/\/derechosinfronteras.pe\/ingles\/wp-json\/wp\/v2\/media?parent=3866"}],"wp:term":[{"taxonomy":"category","embeddable":true,"href":"https:\/\/derechosinfronteras.pe\/ingles\/wp-json\/wp\/v2\/categories?post=3866"},{"taxonomy":"post_tag","embeddable":true,"href":"https:\/\/derechosinfronteras.pe\/ingles\/wp-json\/wp\/v2\/tags?post=3866"}],"curies":[{"name":"wp","href":"https:\/\/api.w.org\/{rel}","templated":true}]}}