{"id":3868,"date":"2020-07-27T19:44:35","date_gmt":"2020-07-28T00:44:35","guid":{"rendered":"http:\/\/derechosinfronteras.pe\/?p=6421"},"modified":"2020-07-27T19:44:35","modified_gmt":"2020-07-28T00:44:35","slug":"pronunciamiento-solidaridad-con-el-pueblo-de-espinar-y-que-se-investiguen-las-acciones-de-violencia-contra-la-poblacion","status":"publish","type":"post","link":"https:\/\/derechosinfronteras.pe\/ingles\/pronunciamiento-solidaridad-con-el-pueblo-de-espinar-y-que-se-investiguen-las-acciones-de-violencia-contra-la-poblacion\/","title":{"rendered":"Pronunciamiento: Solidaridad con el pueblo de Espinar y que se investiguen las acciones de violencia contra la poblaci\u00f3n"},"content":{"rendered":"<p>La <strong>Plataforma Nacional de Personas Afectadas por Metales, Metaloides y Otras Sustancias Qu\u00edmicas T\u00f3xicas<\/strong> que representa a trece zonas de exposici\u00f3n cr\u00f3nica a metales pesados y otras sustancias t\u00f3xicas, en donde nuestras poblaciones sufren los impactos de la contaminaci\u00f3n ambiental (agua, suelo y aire) en su salud, especialmente en entornos mineros (a nivel de cuencas hidrogr\u00e1ficas), metal\u00fargicos y petroleros como son: <strong>Amazonas; <\/strong>Bagua (Imaza, Chiriaco), <strong>Ancash<\/strong>; San Marcos <strong>Cajamarca; <\/strong>Bambamarca y Hualgayoc, <strong>Cuzco;<\/strong> Espinar, <strong>Jun\u00edn;<\/strong> La Oroya, Ondores, Valle del Mantaro, Chanchamayo, <strong>La Libertad;<\/strong> Huamachuco, (Shiracmaca, El Toro, Santa Cruz, Paranshique y Coigobamba), <strong>Lambayeque; <\/strong>M\u00f3rrope,\u00a0 <strong>Lima; <\/strong>Callao, <strong>Lima Provincias;<\/strong> San Mateo, \u00a0<strong>Loreto; <\/strong>Cuatro cuencas \u00a0<strong>Moquegua;<\/strong> Torata, <strong>Pasco;<\/strong> Cerro de Pasco, <strong>Puno; <\/strong>San Rom\u00e1n (Caracoto Juliaca) \u2013 Puno, (Capachica, Huata, Coata), Melgar, (Cuenca del r\u00edo Llallimayo) y la <strong>Mesa T\u00e9cnica de Salud Ambiental y Humana<\/strong> conformado por diversas organizaciones de la sociedad civil. Nos pronunciamos para indicar lo siguiente:<\/p>\n<ol>\n<li>Hemos estado atentos a las demandas de la provincia de Espinar frente a los impactos generados al medio ambiente y cuyos efectos han estado ocasionando da\u00f1os a la salud humana por la presencia de metales t\u00f3xicos en su organismo. Esta situaci\u00f3n tambi\u00e9n la vivimos en nuestros territorios y por ello, sabemos que la indiferencia nos ha mantenido en un segundo plano por parte del gobierno, desatendiendo las demandas que buscan garantizar un ambiente adecuado para poder vivir sin perturbaciones.<\/li>\n<\/ol>\n<ol start=\"2\">\n<li>En ese sentido, como afectados y afectadas a la salud por metales t\u00f3xicos estamos siendo doblemente vulnerados por la pandemia y por la d\u00e9bil respuesta a nuestra situaci\u00f3n de salud. Nosotras y nosotros vivimos con exposici\u00f3n e intoxicaci\u00f3n cr\u00f3nica debido a los proyectos mineros e hidrocarbur\u00edferos, que pone en grave riesgo nuestra salud mientras no se establezca un adecuado control ambiental en nuestros territorios.<\/li>\n<\/ol>\n<ol start=\"3\">\n<li>Por ello, nos SOLIDARIZAMOS con las justas demandas de nuestros hermanos y hermanas de Espinar, que enfrentan un momento dif\u00edcil de violencia. La situaci\u00f3n de crisis econ\u00f3mica, por la emergencia sanitaria, ha llevado a que la poblaci\u00f3n exija el desembolso de un bono solidario utilizando los fondos del Convenio Marco, constituido a partir de un acuerdo suscrito por los actores provinciales y la compa\u00f1\u00eda minera hace 17 a\u00f1os. Sin embargo, a pesar que es dinero del fondo de desarrollo provincial, la compa\u00f1\u00eda se opone.<\/li>\n<\/ol>\n<ol start=\"4\">\n<li>Asimismo, RECHAZAMOS el actuar de la Polic\u00eda Nacional del Per\u00fa y por ende del Ministerio del Interior quienes la noche del mi\u00e9rcoles 22 de julio ingresaron de manera violenta a la ciudad de Espinar y con el uso de bombas lacrim\u00f3genas, disparos al aire, agresiones verbales, entre otros actos violentos han intimidado y generado el miedo en la poblaci\u00f3n local, sobre todo en los m\u00e1s j\u00f3venes, quienes a trav\u00e9s del registro de videos denuncian las agresiones y hasta el hurto de sus pertenencias, las mujeres y madres de familia indican que detuvieron a sus hijos por varias horas. Al momento el hospital de Espinar ha confirmado 5 heridos, 3 de ellos con heridas de bala y los otros dos aparentemente con impactos de perdigones y bombas lacrim\u00f3genas.<\/li>\n<\/ol>\n<ol start=\"5\">\n<li>Finalmente, EXIGIMOS el cese de la violencia en Espinar y con ello que se INICIE con las investigaciones hacia el personal policial y todos los involucrados en especial con atenci\u00f3n prioritaria del Ministerio del Interior, ya que todo lo ocurrido el mi\u00e9rcoles 22 de julio provoc\u00f3 da\u00f1o f\u00edsico y mental hacia nuestros hermanos y hermanas de Espinar. Asimismo, instamos a retomar el di\u00e1logo a todas las partes involucradas en el conflicto para buscar una salida dialogada a las demandas del pueblo de Espinar.<\/li>\n<\/ol>\n<p>Los siguientes colectivos, asociaciones, personas e instituciones suscriben el pronunciamiento:<\/p>\n<ul>\n<li>Plataforma por la Salud Ambiental y Humana &#8211; Regi\u00f3n Jun\u00edn<\/li>\n<li>Junta vecinal asentamiento humano Cerro Ba\u00fal. Torata &#8211; regi\u00f3n Moquegua.<\/li>\n<li>Comit\u00e9 Conservacionista de Villa el Sol &#8211; La Oroya.<\/li>\n<li>Cuencas contaminadas y afectadas de Chilla &#8211; Juliaca, Cabanillas &#8211; Juliaca, Llallimayo &#8211; Melgar, Ramis &#8211; Az\u00e1ngaro, Suches \u2013 Huancan\u00e9, Laguna Umayo \u2013 Paucarcolla, Distritos de Titillaca, Atuncolla, provincia de Puno<\/li>\n<li>Movimiento por la Salud de La Oroya<\/li>\n<li>Mesa de Di\u00e1logo de la Mujer de Huancayo<\/li>\n<li>Mesa de Dialogo Ambiental de la Regi\u00f3n Jun\u00edn &#8211; MEDIAREJ<\/li>\n<li>Luis Lazo &#8211; Coordinador Nacional de Foro Salud<\/li>\n<li>Mesa tem\u00e1tica de salud ambiental y cambio clim\u00e1tico de Foro Salud<\/li>\n<li>Frente Callao Dignidad<\/li>\n<li>CooperAcci\u00f3n<\/li>\n<li>Red Muqui<\/li>\n<li>Derechos Humanos sin Fronteras &#8211; DHSF Cusco<\/li>\n<li>Centro Labor de Paseo<\/li>\n<li>Grufides de Cajamarca<\/li>\n<li>Per\u00fa Equidad<\/li>\n<li>Centro Amaz\u00f3nico de Antropolog\u00eda y Aplicaci\u00f3n Pr\u00e1ctica &#8211; CAAAP<\/li>\n<li>OXFAM en Per\u00fa<\/li>\n<li>Red Uniendo Manos<\/li>\n<li>Derechos Humanos y Ambiente &#8211; DHUMA de Puno<\/li>\n<li>RedGE<\/li>\n<li>Comisi\u00f3n Episcopal de Acci\u00f3n Social &#8211; CEAS<\/li>\n<li>Plataforma de Federaciones Ind\u00edgenas de Cuatro Cuencas PUINAMUDT<\/li>\n<li>Proyecto amigo<\/li>\n<li>Earthrights International \u2013 ERI<\/li>\n<li>Asociaci\u00f3n Pro Derechos Humanos &#8211; APRODEH<\/li>\n<\/ul>","protected":false},"excerpt":{"rendered":"<p>La Plataforma Nacional de Personas Afectadas por Metales, Metaloides y Otras Sustancias Qu\u00edmicas T\u00f3xicas que representa a trece zonas de exposici\u00f3n cr\u00f3nica a metales pesados y otras sustancias t\u00f3xicas, en donde nuestras poblaciones sufren los impactos de la contaminaci\u00f3n ambiental (agua, suelo y aire) en su salud, especialmente en entornos mineros (a nivel de cuencas [&hellip;]<\/p>\n","protected":false},"author":1,"featured_media":3869,"comment_status":"open","ping_status":"open","sticky":false,"template":"","format":"standard","meta":{"_monsterinsights_skip_tracking":false,"_monsterinsights_sitenote_active":false,"_monsterinsights_sitenote_note":"","_monsterinsights_sitenote_category":0,"_jetpack_memberships_contains_paid_content":false,"footnotes":"","jetpack_publicize_message":"","jetpack_publicize_feature_enabled":true,"jetpack_social_post_already_shared":false,"jetpack_social_options":{"image_generator_settings":{"template":"highway","default_image_id":0,"font":"","enabled":false},"version":2}},"categories":[1],"tags":[],"class_list":["post-3868","post","type-post","status-publish","format-standard","has-post-thumbnail","hentry","category-sin-categoria"],"blocksy_meta":[],"jetpack_publicize_connections":[],"jetpack_featured_media_url":"https:\/\/derechosinfronteras.pe\/wp-content\/uploads\/2020\/07\/foto-rponunciamiento.jpg","jetpack_sharing_enabled":true,"jetpack_likes_enabled":true,"_links":{"self":[{"href":"https:\/\/derechosinfronteras.pe\/ingles\/wp-json\/wp\/v2\/posts\/3868","targetHints":{"allow":["GET"]}}],"collection":[{"href":"https:\/\/derechosinfronteras.pe\/ingles\/wp-json\/wp\/v2\/posts"}],"about":[{"href":"https:\/\/derechosinfronteras.pe\/ingles\/wp-json\/wp\/v2\/types\/post"}],"author":[{"embeddable":true,"href":"https:\/\/derechosinfronteras.pe\/ingles\/wp-json\/wp\/v2\/users\/1"}],"replies":[{"embeddable":true,"href":"https:\/\/derechosinfronteras.pe\/ingles\/wp-json\/wp\/v2\/comments?post=3868"}],"version-history":[{"count":0,"href":"https:\/\/derechosinfronteras.pe\/ingles\/wp-json\/wp\/v2\/posts\/3868\/revisions"}],"wp:featuredmedia":[{"embeddable":true,"href":"https:\/\/derechosinfronteras.pe\/ingles\/wp-json\/wp\/v2\/media\/3869"}],"wp:attachment":[{"href":"https:\/\/derechosinfronteras.pe\/ingles\/wp-json\/wp\/v2\/media?parent=3868"}],"wp:term":[{"taxonomy":"category","embeddable":true,"href":"https:\/\/derechosinfronteras.pe\/ingles\/wp-json\/wp\/v2\/categories?post=3868"},{"taxonomy":"post_tag","embeddable":true,"href":"https:\/\/derechosinfronteras.pe\/ingles\/wp-json\/wp\/v2\/tags?post=3868"}],"curies":[{"name":"wp","href":"https:\/\/api.w.org\/{rel}","templated":true}]}}