{"id":3870,"date":"2020-07-27T16:48:48","date_gmt":"2020-07-27T21:48:48","guid":{"rendered":"http:\/\/derechosinfronteras.pe\/?p=6416"},"modified":"2020-07-27T16:48:48","modified_gmt":"2020-07-27T21:48:48","slug":"se-frustra-el-dialogo-en-espinar-por-la-inasistencia-de-la-comision-de-alto-nivel-de-la-pcm","status":"publish","type":"post","link":"https:\/\/derechosinfronteras.pe\/ingles\/se-frustra-el-dialogo-en-espinar-por-la-inasistencia-de-la-comision-de-alto-nivel-de-la-pcm\/","title":{"rendered":"Se frustra el di\u00e1logo en Espinar por la inasistencia de la comisi\u00f3n de alto nivel de la PCM"},"content":{"rendered":"<p>Redacci\u00f3n DHSF<\/p>\n<p>La comisi\u00f3n de alto nivel de la Presidencia del Consejo de Ministros (PCM) no asisti\u00f3 hoy a la mesa de di\u00e1logo en el distrito de Yauri, pese a que hoy la provincia de Espinar cumple 13 d\u00edas de paro indefinido contra la empresa minera Antapaccay en pleno estado de emergencia.<\/p>\n<p>A trav\u00e9s de un comunicado, la PCM explic\u00f3 que la comitiva de alto nivel no viaj\u00f3 de Cusco a Espinar porque supieron que diversas organizaciones de la sociedad civil desconocen a la comisi\u00f3n de alto nivel liderada por el viceministro de Minas del Ministerio de Energ\u00eda y Minas, Augusto Cauti, e integrada por viceministros de los sectores Trabajo y Promoci\u00f3n del Empleo, Ambiente, Salud, Justicia y Derechos Humanos e Interior. Adem\u00e1s, recibieron informaci\u00f3n que dichas organizaciones habr\u00edan convocado a bloqueos y manifestaciones, lo cual va en contra del compromiso de paz social. Tampoco ning\u00fan representante de la empresa minera Antapaccay acudi\u00f3 a la mesa de di\u00e1logo.<\/p>\n<p>Sin embargo, en Espinar, el clima era totalmente distinto. Durante el transcurso de la ma\u00f1ana se reportaron concentraciones, pero de manera pac\u00edfica, por lo cual la decisi\u00f3n de la comisi\u00f3n de alto nivel fue tomada por sorpresa y a la vez fue cuestionada por los alcaldes y dirigentes que esperaban la intervenci\u00f3n de la PCM en la mesa de di\u00e1logo. Ahora las autoridades y dirigentes solicitan la presencia de los ministros de Estado, seg\u00fan se lee en el acta de la reuni\u00f3n realizada hoy sin la participaci\u00f3n de la PCM. El obispo de la Prelatura de Sicuani, monse\u00f1or Pedro Bustamante, es el mediador y facilitador de dicha mesa de di\u00e1logo.<\/p>\n<p>En la sesi\u00f3n se dej\u00f3 constancia que las organizaciones sociales cumplieron con llamar a la calma y paz social en Espinar. Esta fue la condici\u00f3n de la PCM para arribar al distrito de Yauri. Por tal raz\u00f3n, los representantes de la sociedad civil expresaron haber sido burlado el pueblo de Espinar por la comitiva de alto nivel.<\/p>\n<p>En se\u00f1al de protesta, para ma\u00f1ana se planea izar la bandera en la plaza de armas de Yauri a media asta. En estos momentos, decenas de personas est\u00e1n congreg\u00e1ndose en la plaza para manifestar su rechazo. La autoconvocatoria al paro indefinido sigue vigente y esta vez con mayor intensidad.<\/p>\n<figure id=\"attachment_6417\" aria-describedby=\"caption-attachment-6417\" style=\"width: 738px\" class=\"wp-caption alignnone\"><img fetchpriority=\"high\" decoding=\"async\" class=\"size-large wp-image-6417\" src=\"http:\/\/derechosinfronteras.pe\/wp-content\/uploads\/2020\/07\/WhatsApp-Image-2020-07-27-at-4.01.08-PM-738x1024.jpeg\" alt=\"\" width=\"738\" height=\"1024\" \/><figcaption id=\"caption-attachment-6417\" class=\"wp-caption-text\">Foto: acta de la reuni\u00f3n<\/figcaption><\/figure>","protected":false},"excerpt":{"rendered":"<p>Redacci\u00f3n DHSF La comisi\u00f3n de alto nivel de la Presidencia del Consejo de Ministros (PCM) no asisti\u00f3 hoy a la mesa de di\u00e1logo en el distrito de Yauri, pese a que hoy la provincia de Espinar cumple 13 d\u00edas de paro indefinido contra la empresa minera Antapaccay en pleno estado de emergencia. A trav\u00e9s de [&hellip;]<\/p>\n","protected":false},"author":1,"featured_media":3871,"comment_status":"open","ping_status":"open","sticky":false,"template":"","format":"standard","meta":{"_monsterinsights_skip_tracking":false,"_monsterinsights_sitenote_active":false,"_monsterinsights_sitenote_note":"","_monsterinsights_sitenote_category":0,"_jetpack_memberships_contains_paid_content":false,"footnotes":"","jetpack_publicize_message":"","jetpack_publicize_feature_enabled":true,"jetpack_social_post_already_shared":false,"jetpack_social_options":{"image_generator_settings":{"template":"highway","default_image_id":0,"font":"","enabled":false},"version":2}},"categories":[1],"tags":[],"class_list":["post-3870","post","type-post","status-publish","format-standard","has-post-thumbnail","hentry","category-sin-categoria"],"blocksy_meta":[],"jetpack_publicize_connections":[],"jetpack_featured_media_url":"https:\/\/derechosinfronteras.pe\/wp-content\/uploads\/2020\/07\/NOTA-MESAFURSTRADA.jpg","jetpack_sharing_enabled":true,"jetpack_likes_enabled":true,"_links":{"self":[{"href":"https:\/\/derechosinfronteras.pe\/ingles\/wp-json\/wp\/v2\/posts\/3870","targetHints":{"allow":["GET"]}}],"collection":[{"href":"https:\/\/derechosinfronteras.pe\/ingles\/wp-json\/wp\/v2\/posts"}],"about":[{"href":"https:\/\/derechosinfronteras.pe\/ingles\/wp-json\/wp\/v2\/types\/post"}],"author":[{"embeddable":true,"href":"https:\/\/derechosinfronteras.pe\/ingles\/wp-json\/wp\/v2\/users\/1"}],"replies":[{"embeddable":true,"href":"https:\/\/derechosinfronteras.pe\/ingles\/wp-json\/wp\/v2\/comments?post=3870"}],"version-history":[{"count":0,"href":"https:\/\/derechosinfronteras.pe\/ingles\/wp-json\/wp\/v2\/posts\/3870\/revisions"}],"wp:featuredmedia":[{"embeddable":true,"href":"https:\/\/derechosinfronteras.pe\/ingles\/wp-json\/wp\/v2\/media\/3871"}],"wp:attachment":[{"href":"https:\/\/derechosinfronteras.pe\/ingles\/wp-json\/wp\/v2\/media?parent=3870"}],"wp:term":[{"taxonomy":"category","embeddable":true,"href":"https:\/\/derechosinfronteras.pe\/ingles\/wp-json\/wp\/v2\/categories?post=3870"},{"taxonomy":"post_tag","embeddable":true,"href":"https:\/\/derechosinfronteras.pe\/ingles\/wp-json\/wp\/v2\/tags?post=3870"}],"curies":[{"name":"wp","href":"https:\/\/api.w.org\/{rel}","templated":true}]}}