{"id":3872,"date":"2020-07-25T10:21:15","date_gmt":"2020-07-25T15:21:15","guid":{"rendered":"http:\/\/derechosinfronteras.pe\/?p=6406"},"modified":"2020-07-25T10:21:15","modified_gmt":"2020-07-25T15:21:15","slug":"mujeres-alzan-la-voz-y-se-unen-por-las-companeras-victimas-de-esterilizaciones-forzadas-hasta-que-logren-justicia-y-reparacion","status":"publish","type":"post","link":"https:\/\/derechosinfronteras.pe\/ingles\/mujeres-alzan-la-voz-y-se-unen-por-las-companeras-victimas-de-esterilizaciones-forzadas-hasta-que-logren-justicia-y-reparacion\/","title":{"rendered":"Mujeres alzan la voz y se unen por las compa\u00f1eras v\u00edctimas de esterilizaciones forzadas hasta que logren justicia y reparaci\u00f3n"},"content":{"rendered":"<p>Redacci\u00f3n DHSF<\/p>\n<p>\u00abResistiendo por Justicia y Memoria. Jornada de Costura y Di\u00e1logo\u00bb es el nombre de la actividad de incidencia que iniciar\u00e1 hoy desde las 10 de la ma\u00f1ana, con el objetivo de reivindicar los derechos de las mujeres y a la vez exigir verdad, justicia y reparaci\u00f3n a favor de las v\u00edctimas de la pol\u00edtica de salud de esterilizaciones forzadas en el r\u00e9gimen de Alberto Fujimori Fujimori.<\/p>\n<p>Durante los a\u00f1os 1996 y 1999, se practicaron m\u00e1s de 200.00 esterilizaciones forzadas en el pa\u00eds. El Tribunal Constitucional tiene pronto que emitir un fallo con respecto al recurso de amparo presentado por el exministro de Salud, Marino Costa Bauer, para impedir que se le investigue y procese por las esterilizaciones forzadas ocurridas durante su gesti\u00f3n en la d\u00e9cada del 90. Esto pese a que la denuncia de 1316 mujeres se encuentra formalizada ante el Poder Judicial.<\/p>\n<p>En ese marco, en la jornada de activismo se coser\u00e1 en conjunto una bandera del Per\u00fa con nombres de mujeres luchadoras como s\u00edmbolo de entrelazarse entre compa\u00f1eras v\u00edctimas, sobrevivientes, defensoras, activistas y ciudadanas de pie. Coser se vuelve un acto de resistencia.<\/p>\n<p>Adem\u00e1s, en paralelo se realizar\u00e1n 6 mesas de di\u00e1logo para reflexionar sobre el derecho de la reproducci\u00f3n sexual, la memoria, la resistencia del cuerpo y el poder de las artes para visibilizar la lucha de las mujeres inscritas en el Registro de V\u00edctimas de Esterilizaciones Forzadas (REVIESFO) del Ministerio de Justicia y Derechos Humanos.<\/p>\n<p>La actividad se realizar\u00e1 v\u00eda zoom hasta las 5 de la tarde. Participar\u00e1 la congresista Roc\u00eda Silva Santisteban quien brindar\u00e1 detalles sobre el trabajo del grupo de la Comisi\u00f3n parlamentaria de la Mujer para la reparaci\u00f3n de las v\u00edctimas por esterilizaciones forzadas. Tambi\u00e9n estar\u00e1n presentes las hijas de Celia Ramos Durand, una de las v\u00edctimas que a\u00fan no obtiene alg\u00fan tipo de justicia.<\/p>\n<p>Si deseas participar, puedes inscribirte en el siguiente link: <a href=\"https:\/\/forms.gle\/CfaYTVveuCoGBo9E6\" target=\"_blank\" rel=\"noopener\">https:\/\/forms.gle\/CfaYTVveuCoGBo9E6<\/a><\/p>\n<p>En este enlace puedes ver la transmisi\u00f3n en vivo de la actividad:\u00a0<a href=\"https:\/\/www.facebook.com\/watch\/?v=2453967724901676\" target=\"_blank\" rel=\"noopener\">https:\/\/www.facebook.com\/watch\/?v=2453967724901676<\/a><\/p>\n<p><img fetchpriority=\"high\" decoding=\"async\" class=\"alignnone size-large wp-image-6409\" src=\"http:\/\/derechosinfronteras.pe\/wp-content\/uploads\/2020\/07\/WhatsApp-Image-2020-07-25-at-8.41.02-AM-1-1024x1024.jpeg\" alt=\"\" width=\"1024\" height=\"1024\" \/><\/p>\n<p><img decoding=\"async\" class=\"alignnone size-large wp-image-6407\" src=\"http:\/\/derechosinfronteras.pe\/wp-content\/uploads\/2020\/07\/WhatsApp-Image-2020-07-25-at-8.41.02-AM-1024x1024.jpeg\" alt=\"\" width=\"1024\" height=\"1024\" \/><img decoding=\"async\" class=\"alignnone size-large wp-image-6408\" src=\"http:\/\/derechosinfronteras.pe\/wp-content\/uploads\/2020\/07\/WhatsApp-Image-2020-07-25-at-8.41.03-AM-1024x1024.jpeg\" alt=\"\" width=\"1024\" height=\"1024\" \/><\/p>","protected":false},"excerpt":{"rendered":"<p>Redacci\u00f3n DHSF \u00abResistiendo por Justicia y Memoria. Jornada de Costura y Di\u00e1logo\u00bb es el nombre de la actividad de incidencia que iniciar\u00e1 hoy desde las 10 de la ma\u00f1ana, con el objetivo de reivindicar los derechos de las mujeres y a la vez exigir verdad, justicia y reparaci\u00f3n a favor de las v\u00edctimas de la [&hellip;]<\/p>\n","protected":false},"author":1,"featured_media":3873,"comment_status":"open","ping_status":"open","sticky":false,"template":"","format":"standard","meta":{"_monsterinsights_skip_tracking":false,"_monsterinsights_sitenote_active":false,"_monsterinsights_sitenote_note":"","_monsterinsights_sitenote_category":0,"_jetpack_memberships_contains_paid_content":false,"footnotes":"","jetpack_publicize_message":"","jetpack_publicize_feature_enabled":true,"jetpack_social_post_already_shared":false,"jetpack_social_options":{"image_generator_settings":{"template":"highway","default_image_id":0,"font":"","enabled":false},"version":2}},"categories":[1],"tags":[],"class_list":["post-3872","post","type-post","status-publish","format-standard","has-post-thumbnail","hentry","category-sin-categoria"],"blocksy_meta":[],"jetpack_publicize_connections":[],"jetpack_featured_media_url":"https:\/\/derechosinfronteras.pe\/wp-content\/uploads\/2020\/07\/foto-actividadactimujeres.jpg","jetpack_sharing_enabled":true,"jetpack_likes_enabled":true,"_links":{"self":[{"href":"https:\/\/derechosinfronteras.pe\/ingles\/wp-json\/wp\/v2\/posts\/3872","targetHints":{"allow":["GET"]}}],"collection":[{"href":"https:\/\/derechosinfronteras.pe\/ingles\/wp-json\/wp\/v2\/posts"}],"about":[{"href":"https:\/\/derechosinfronteras.pe\/ingles\/wp-json\/wp\/v2\/types\/post"}],"author":[{"embeddable":true,"href":"https:\/\/derechosinfronteras.pe\/ingles\/wp-json\/wp\/v2\/users\/1"}],"replies":[{"embeddable":true,"href":"https:\/\/derechosinfronteras.pe\/ingles\/wp-json\/wp\/v2\/comments?post=3872"}],"version-history":[{"count":0,"href":"https:\/\/derechosinfronteras.pe\/ingles\/wp-json\/wp\/v2\/posts\/3872\/revisions"}],"wp:featuredmedia":[{"embeddable":true,"href":"https:\/\/derechosinfronteras.pe\/ingles\/wp-json\/wp\/v2\/media\/3873"}],"wp:attachment":[{"href":"https:\/\/derechosinfronteras.pe\/ingles\/wp-json\/wp\/v2\/media?parent=3872"}],"wp:term":[{"taxonomy":"category","embeddable":true,"href":"https:\/\/derechosinfronteras.pe\/ingles\/wp-json\/wp\/v2\/categories?post=3872"},{"taxonomy":"post_tag","embeddable":true,"href":"https:\/\/derechosinfronteras.pe\/ingles\/wp-json\/wp\/v2\/tags?post=3872"}],"curies":[{"name":"wp","href":"https:\/\/api.w.org\/{rel}","templated":true}]}}