{"id":3876,"date":"2020-07-23T19:27:54","date_gmt":"2020-07-24T00:27:54","guid":{"rendered":"http:\/\/derechosinfronteras.pe\/?p=6390"},"modified":"2020-07-23T19:27:54","modified_gmt":"2020-07-24T00:27:54","slug":"noveno-dia-de-paro-en-espinar-acuerdan-restablecer-el-dialogo-a-traves-de-una-comision-de-alto-nivel","status":"publish","type":"post","link":"https:\/\/derechosinfronteras.pe\/ingles\/noveno-dia-de-paro-en-espinar-acuerdan-restablecer-el-dialogo-a-traves-de-una-comision-de-alto-nivel\/","title":{"rendered":"Noveno d\u00eda de paro en Espinar: acuerdan restablecer el di\u00e1logo a trav\u00e9s de una comisi\u00f3n de alto nivel"},"content":{"rendered":"<p>Redacci\u00f3n DHSF<\/p>\n<p>Tras una larga reuni\u00f3n multisectorial sostenida entre las autoridades, organizaciones sociales e integrantes del Comit\u00e9 de Gesti\u00f3n del Convenio Marco, se acord\u00f3 restablecer el di\u00e1logo en la provincia de Espinar a trav\u00e9s de una comisi\u00f3n de alto nivel conformada por la Presidencia del Consejo de Ministros (PCM) y ministros de Estado.<\/p>\n<p>Otro de los compromisos fue invocar a la poblaci\u00f3n a una calma social para iniciar el di\u00e1logo con la presencia del obispo de la Prelatura de Sicuani, monse\u00f1or Pedro Bustamante, quien ser\u00e1 el mediador y facilitador de dicha comisi\u00f3n de alto nivel.<\/p>\n<p>El tercer acuerdo fue incluir en la reuni\u00f3n de alto nivel el pliego de reclamo del Comit\u00e9 de Lucha Provincial que contiene 6 puntos:<\/p>\n<ol>\n<li>Cumplimiento inmediato del desembolso de S\/ 50 millones por parte de la minera Antapaccay para que se concrete el subsidio econ\u00f3mico.<\/li>\n<li>Reformulaci\u00f3n del Convenio Marco de Espinar.<\/li>\n<li>Rechazo al Proyecto Minero Antapaccay Expansi\u00f3n Tintaya Integraci\u00f3n Coroccohuayco mientras no entre a revisi\u00f3n ni a consulta previa.<\/li>\n<li>Urgente atenci\u00f3n a los afectados y afectadas por metales pesados en el cuerpo.<\/li>\n<li>Acceso a la justicia ambiental en el corredor minero.<\/li>\n<li>Reestructuraci\u00f3n urgente del Poder Judicial y Ministerio P\u00fablico<\/li>\n<\/ol>\n<p>Adem\u00e1s, se acord\u00f3 solicitar al Ministerio del Interior y al Ministerio de Defensa el retiro inmediato de los miembros de la Polic\u00eda Nacional del Per\u00fa y del Ej\u00e9rcito del Per\u00fa. Asimismo, pedir al Ministerio P\u00fablico que denuncie a los agentes que cometieron abusos y violaci\u00f3n a los derechos humanos en agravio de la poblaci\u00f3n movilizada.<\/p>\n<p>En la reuni\u00f3n tambi\u00e9n se decidi\u00f3 suscribir un memorial dirigido al presidente Mart\u00edn Vizcarra y al Congreso de la Rep\u00fablica.<\/p>\n<p>El sexto compromiso fue comisionar al alcalde provincial Lolo Arenas, a los alcaldes distritales de Espinar y a los representantes de las organizaciones de base como el Comit\u00e9 de Lucha Provincial, Frente \u00danico de Defensa de los Intereses de Espinar (FUDIE), Federaci\u00f3n Unificada de Campesinos de Espinar (FUCAE) y Asociaci\u00f3n de Urbanizaciones y Pueblos J\u00f3venes de Espinar (AUPE) para iniciar las gestiones de una reuni\u00f3n con la comisi\u00f3n de alto nivel de la PCM.<\/p>\n<p>Otro punto consiste en rechazar la actitud de la empresa minera Antapaccay y declarar vecinos no gratos de la provincia de Espinar. Adem\u00e1s, se acord\u00f3 solicitar el cambio de funcionarios de la minera y la participaci\u00f3n del directorio en la mesa de di\u00e1logo.<\/p>\n<p>Finalmente, las autoridades locales se comprometieron a atender a los afectados y afectadas de esta huelga. A esta reuni\u00f3n multisectorial no asisti\u00f3 la empresa minera Antapaccay.<\/p>\n<p><img fetchpriority=\"high\" decoding=\"async\" class=\"alignnone size-full wp-image-6391\" src=\"http:\/\/derechosinfronteras.pe\/wp-content\/uploads\/2020\/07\/WhatsApp-Image-2020-07-23-at-3.10.46-PM-3.jpeg\" alt=\"\" width=\"707\" height=\"960\" \/><\/p>\n<figure id=\"attachment_6392\" aria-describedby=\"caption-attachment-6392\" style=\"width: 719px\" class=\"wp-caption alignnone\"><img decoding=\"async\" class=\"size-full wp-image-6392\" src=\"http:\/\/derechosinfronteras.pe\/wp-content\/uploads\/2020\/07\/WhatsApp-Image-2020-07-23-at-3.10.46-PM-2.jpeg\" alt=\"\" width=\"719\" height=\"960\" \/><figcaption id=\"caption-attachment-6392\" class=\"wp-caption-text\">Foto: acta de la reuni\u00f3n multisectorial<\/figcaption><\/figure>","protected":false},"excerpt":{"rendered":"<p>Redacci\u00f3n DHSF Tras una larga reuni\u00f3n multisectorial sostenida entre las autoridades, organizaciones sociales e integrantes del Comit\u00e9 de Gesti\u00f3n del Convenio Marco, se acord\u00f3 restablecer el di\u00e1logo en la provincia de Espinar a trav\u00e9s de una comisi\u00f3n de alto nivel conformada por la Presidencia del Consejo de Ministros (PCM) y ministros de Estado. Otro de [&hellip;]<\/p>\n","protected":false},"author":1,"featured_media":3877,"comment_status":"open","ping_status":"open","sticky":false,"template":"","format":"standard","meta":{"_monsterinsights_skip_tracking":false,"_monsterinsights_sitenote_active":false,"_monsterinsights_sitenote_note":"","_monsterinsights_sitenote_category":0,"_jetpack_memberships_contains_paid_content":false,"footnotes":"","jetpack_publicize_message":"","jetpack_publicize_feature_enabled":true,"jetpack_social_post_already_shared":false,"jetpack_social_options":{"image_generator_settings":{"template":"highway","default_image_id":0,"font":"","enabled":false},"version":2}},"categories":[1],"tags":[],"class_list":["post-3876","post","type-post","status-publish","format-standard","has-post-thumbnail","hentry","category-sin-categoria"],"blocksy_meta":[],"jetpack_publicize_connections":[],"jetpack_featured_media_url":"https:\/\/derechosinfronteras.pe\/wp-content\/uploads\/2020\/07\/nota-comisionmutisecotiral.jpg","jetpack_sharing_enabled":true,"jetpack_likes_enabled":true,"_links":{"self":[{"href":"https:\/\/derechosinfronteras.pe\/ingles\/wp-json\/wp\/v2\/posts\/3876","targetHints":{"allow":["GET"]}}],"collection":[{"href":"https:\/\/derechosinfronteras.pe\/ingles\/wp-json\/wp\/v2\/posts"}],"about":[{"href":"https:\/\/derechosinfronteras.pe\/ingles\/wp-json\/wp\/v2\/types\/post"}],"author":[{"embeddable":true,"href":"https:\/\/derechosinfronteras.pe\/ingles\/wp-json\/wp\/v2\/users\/1"}],"replies":[{"embeddable":true,"href":"https:\/\/derechosinfronteras.pe\/ingles\/wp-json\/wp\/v2\/comments?post=3876"}],"version-history":[{"count":0,"href":"https:\/\/derechosinfronteras.pe\/ingles\/wp-json\/wp\/v2\/posts\/3876\/revisions"}],"wp:featuredmedia":[{"embeddable":true,"href":"https:\/\/derechosinfronteras.pe\/ingles\/wp-json\/wp\/v2\/media\/3877"}],"wp:attachment":[{"href":"https:\/\/derechosinfronteras.pe\/ingles\/wp-json\/wp\/v2\/media?parent=3876"}],"wp:term":[{"taxonomy":"category","embeddable":true,"href":"https:\/\/derechosinfronteras.pe\/ingles\/wp-json\/wp\/v2\/categories?post=3876"},{"taxonomy":"post_tag","embeddable":true,"href":"https:\/\/derechosinfronteras.pe\/ingles\/wp-json\/wp\/v2\/tags?post=3876"}],"curies":[{"name":"wp","href":"https:\/\/api.w.org\/{rel}","templated":true}]}}