{"id":3882,"date":"2020-07-22T18:42:07","date_gmt":"2020-07-22T23:42:07","guid":{"rendered":"http:\/\/derechosinfronteras.pe\/?p=6371"},"modified":"2020-07-22T18:42:07","modified_gmt":"2020-07-22T23:42:07","slug":"derechos-humanos-sin-fronteras-el-estado-debe-garantizar-los-derechos-humanos-de-la-poblacion-de-espinar","status":"publish","type":"post","link":"https:\/\/derechosinfronteras.pe\/ingles\/derechos-humanos-sin-fronteras-el-estado-debe-garantizar-los-derechos-humanos-de-la-poblacion-de-espinar\/","title":{"rendered":"Derechos Humanos Sin Fronteras: \u201cEl Estado debe garantizar los derechos humanos de la poblaci\u00f3n de Espinar\u201d"},"content":{"rendered":"<p>Redacci\u00f3n DHSF<\/p>\n<p>Ante los \u00faltimos sucesos violentos registrados en Espinar por la represi\u00f3n policial en el contexto del paro indefinido, Derechos Humanos Sin Fronteras exige al Estado garantizar los derechos humanos de la poblaci\u00f3n movilizada y redoblar los esfuerzos para resolver el conflicto en esta parte de la regi\u00f3n Cusco.<\/p>\n<p>Esta medida de lucha inici\u00f3 a ra\u00edz de la negativa de la empresa minera Antapaccay a cumplir con el acuerdo del Comit\u00e9 de Gesti\u00f3n del Convenio Marco que consiste en entregar un bono solidario de S\/ 1000 a cada elector de la provincia. El objetivo es atender, de manera excepcional, a la poblaci\u00f3n que atraviesa una crisis econ\u00f3mica por efecto de la pandemia del COVID-19.<\/p>\n<p>Hoy se cumple 8 d\u00edas de paro indefinido y nuevamente se ha roto el di\u00e1logo entre las partes involucradas. De acuerdo a informaci\u00f3n difundida por los medios locales, los manifestantes han sido reprimidos por la fuerza policial con bombas lacrim\u00f3genas y perdigones. Este hecho provoc\u00f3 la quema de pastos y el incendio de la casa de bombeo, ubicada en la zona de Camaccmayo. Adem\u00e1s, por la tarde, se registr\u00f3 un nuevo enfrentamiento entre los agentes policiales y un grupo de j\u00f3venes que se encontraba en la entrada del distrito de Yauri. Los efectivos utilizaron perdigones y bombas lacrim\u00f3genas resultando heridos 3 manifestantes, quienes fueron evacuados al Hospital de Espinar. Dos de ellos ser\u00edan menores de edad, 17 y 16 a\u00f1os, respectivamente.<\/p>\n<p>Hasta el momento no hay informaci\u00f3n oficial sobre detenidos. No obstante, seg\u00fan testigos, la polic\u00eda presuntamente habr\u00eda intervino a m\u00e1s de 20 personas. Todo este grupo fue ingresado a un cami\u00f3n. Esto se produjo en el \u00f3valo Cusco, Sicuani y Espinar, al costado del r\u00edo Salado, aproximadamente a las 6:30 de la tarde.<\/p>\n<p>A esto se suma que desde el inicio de las movilizaciones se ha generado permanente enfrentamiento, agresiones y violencia a partir de la presencia aproximadamente de 200 polic\u00edas y 100 militares,\u00a0que en las ultimas horas se han incrementado.<\/p>\n<p>Esta situaci\u00f3n genera preocupaci\u00f3n a Derechos Humanos Sin Fronteras, por lo cual hace nuevamente un llamado al di\u00e1logo e invoca a las instancias correspondientes a proteger y garantizar los derechos humanos.<\/p>","protected":false},"excerpt":{"rendered":"<p>Redacci\u00f3n DHSF Ante los \u00faltimos sucesos violentos registrados en Espinar por la represi\u00f3n policial en el contexto del paro indefinido, Derechos Humanos Sin Fronteras exige al Estado garantizar los derechos humanos de la poblaci\u00f3n movilizada y redoblar los esfuerzos para resolver el conflicto en esta parte de la regi\u00f3n Cusco. Esta medida de lucha inici\u00f3 [&hellip;]<\/p>\n","protected":false},"author":1,"featured_media":3883,"comment_status":"open","ping_status":"open","sticky":false,"template":"","format":"standard","meta":{"_monsterinsights_skip_tracking":false,"_monsterinsights_sitenote_active":false,"_monsterinsights_sitenote_note":"","_monsterinsights_sitenote_category":0,"_jetpack_memberships_contains_paid_content":false,"footnotes":"","jetpack_publicize_message":"","jetpack_publicize_feature_enabled":true,"jetpack_social_post_already_shared":false,"jetpack_social_options":{"image_generator_settings":{"template":"highway","default_image_id":0,"font":"","enabled":false},"version":2}},"categories":[1],"tags":[],"class_list":["post-3882","post","type-post","status-publish","format-standard","has-post-thumbnail","hentry","category-sin-categoria"],"blocksy_meta":[],"jetpack_publicize_connections":[],"jetpack_featured_media_url":"https:\/\/derechosinfronteras.pe\/wp-content\/uploads\/2020\/07\/nota-octavodiadeparo.jpg","jetpack_sharing_enabled":true,"jetpack_likes_enabled":true,"_links":{"self":[{"href":"https:\/\/derechosinfronteras.pe\/ingles\/wp-json\/wp\/v2\/posts\/3882","targetHints":{"allow":["GET"]}}],"collection":[{"href":"https:\/\/derechosinfronteras.pe\/ingles\/wp-json\/wp\/v2\/posts"}],"about":[{"href":"https:\/\/derechosinfronteras.pe\/ingles\/wp-json\/wp\/v2\/types\/post"}],"author":[{"embeddable":true,"href":"https:\/\/derechosinfronteras.pe\/ingles\/wp-json\/wp\/v2\/users\/1"}],"replies":[{"embeddable":true,"href":"https:\/\/derechosinfronteras.pe\/ingles\/wp-json\/wp\/v2\/comments?post=3882"}],"version-history":[{"count":0,"href":"https:\/\/derechosinfronteras.pe\/ingles\/wp-json\/wp\/v2\/posts\/3882\/revisions"}],"wp:featuredmedia":[{"embeddable":true,"href":"https:\/\/derechosinfronteras.pe\/ingles\/wp-json\/wp\/v2\/media\/3883"}],"wp:attachment":[{"href":"https:\/\/derechosinfronteras.pe\/ingles\/wp-json\/wp\/v2\/media?parent=3882"}],"wp:term":[{"taxonomy":"category","embeddable":true,"href":"https:\/\/derechosinfronteras.pe\/ingles\/wp-json\/wp\/v2\/categories?post=3882"},{"taxonomy":"post_tag","embeddable":true,"href":"https:\/\/derechosinfronteras.pe\/ingles\/wp-json\/wp\/v2\/tags?post=3882"}],"curies":[{"name":"wp","href":"https:\/\/api.w.org\/{rel}","templated":true}]}}