{"id":3886,"date":"2020-07-22T11:13:51","date_gmt":"2020-07-22T16:13:51","guid":{"rendered":"http:\/\/derechosinfronteras.pe\/?p=6348"},"modified":"2020-07-22T11:13:51","modified_gmt":"2020-07-22T16:13:51","slug":"mujeres-defensoras-sobre-muerte-de-dirigenta-la-situacion-de-las-mujeres-de-la-provincia-de-espinar-es-preocupante","status":"publish","type":"post","link":"https:\/\/derechosinfronteras.pe\/ingles\/mujeres-defensoras-sobre-muerte-de-dirigenta-la-situacion-de-las-mujeres-de-la-provincia-de-espinar-es-preocupante\/","title":{"rendered":"Mujeres defensoras sobre muerte de dirigenta: \u201cLa situaci\u00f3n de las mujeres de la provincia de Espinar es preocupante\u201d"},"content":{"rendered":"<p>Redacci\u00f3n DHSF<\/p>\n<p>La Asociaci\u00f3n de Mujeres Defensoras de la Cultura y Territorio K\u2019ana solicit\u00f3 al Ministerio P\u00fablico que las investigaciones sobre la muerte de la presidenta de la comunidad de Huisapata, Clara Chuctaya, se realicen de manera exhaustiva, con la celeridad que amerita, y sin descalificar la posibilidad de tratarse de un feminicidio.<\/p>\n<p>A trav\u00e9s de una carta enviada a la Fiscal\u00eda Provincial de Espinar, las integrantes de la mencionada asociaci\u00f3n expusieron que la situaci\u00f3n de las mujeres de la provincia de Espinar es preocupante ya que enfrentan la violencia f\u00edsica y estructural a diario, por lo cual el fallecimiento de Chuctaya no es un caso aislado.<\/p>\n<p>Seg\u00fan informaci\u00f3n de testigos, el cad\u00e1ver de la mujer, que fue encontrado en el distrito de Ocoruro, el pasado 3 de julio, habr\u00eda tenido signos de maltrato f\u00edsico, aunque todav\u00eda es materia de investigaci\u00f3n las circunstancias de lo ocurrido. Al d\u00eda siguiente del hallazgo, decenas de mujeres encabezaron una marcha por las principales calles de Ocoruro pidiendo justicia.<\/p>\n<p>Varias organizaciones sociales como el Comit\u00e9 de Lucha Provincial, la\u00a0Asociaci\u00f3n de Urbanizaciones y Pueblos J\u00f3venes de Espinar (AUPE) y el Frente \u00danico de Defensa de los Intereses de Espinar (FUDIE) se han pronunciado al respecto, exigiendo que la muerte de Clara Chuctaya no quede impune.<\/p>","protected":false},"excerpt":{"rendered":"<p>Redacci\u00f3n DHSF La Asociaci\u00f3n de Mujeres Defensoras de la Cultura y Territorio K\u2019ana solicit\u00f3 al Ministerio P\u00fablico que las investigaciones sobre la muerte de la presidenta de la comunidad de Huisapata, Clara Chuctaya, se realicen de manera exhaustiva, con la celeridad que amerita, y sin descalificar la posibilidad de tratarse de un feminicidio. A trav\u00e9s [&hellip;]<\/p>\n","protected":false},"author":1,"featured_media":3887,"comment_status":"open","ping_status":"open","sticky":false,"template":"","format":"standard","meta":{"_monsterinsights_skip_tracking":false,"_monsterinsights_sitenote_active":false,"_monsterinsights_sitenote_note":"","_monsterinsights_sitenote_category":0,"_jetpack_memberships_contains_paid_content":false,"footnotes":"","jetpack_publicize_message":"","jetpack_publicize_feature_enabled":true,"jetpack_social_post_already_shared":false,"jetpack_social_options":{"image_generator_settings":{"template":"highway","default_image_id":0,"font":"","enabled":false},"version":2}},"categories":[1],"tags":[],"class_list":["post-3886","post","type-post","status-publish","format-standard","has-post-thumbnail","hentry","category-sin-categoria"],"blocksy_meta":[],"jetpack_publicize_connections":[],"jetpack_featured_media_url":"https:\/\/derechosinfronteras.pe\/wp-content\/uploads\/2020\/07\/CASO-CLarachuctaya.jpg","jetpack_sharing_enabled":true,"jetpack_likes_enabled":true,"_links":{"self":[{"href":"https:\/\/derechosinfronteras.pe\/ingles\/wp-json\/wp\/v2\/posts\/3886","targetHints":{"allow":["GET"]}}],"collection":[{"href":"https:\/\/derechosinfronteras.pe\/ingles\/wp-json\/wp\/v2\/posts"}],"about":[{"href":"https:\/\/derechosinfronteras.pe\/ingles\/wp-json\/wp\/v2\/types\/post"}],"author":[{"embeddable":true,"href":"https:\/\/derechosinfronteras.pe\/ingles\/wp-json\/wp\/v2\/users\/1"}],"replies":[{"embeddable":true,"href":"https:\/\/derechosinfronteras.pe\/ingles\/wp-json\/wp\/v2\/comments?post=3886"}],"version-history":[{"count":0,"href":"https:\/\/derechosinfronteras.pe\/ingles\/wp-json\/wp\/v2\/posts\/3886\/revisions"}],"wp:featuredmedia":[{"embeddable":true,"href":"https:\/\/derechosinfronteras.pe\/ingles\/wp-json\/wp\/v2\/media\/3887"}],"wp:attachment":[{"href":"https:\/\/derechosinfronteras.pe\/ingles\/wp-json\/wp\/v2\/media?parent=3886"}],"wp:term":[{"taxonomy":"category","embeddable":true,"href":"https:\/\/derechosinfronteras.pe\/ingles\/wp-json\/wp\/v2\/categories?post=3886"},{"taxonomy":"post_tag","embeddable":true,"href":"https:\/\/derechosinfronteras.pe\/ingles\/wp-json\/wp\/v2\/tags?post=3886"}],"curies":[{"name":"wp","href":"https:\/\/api.w.org\/{rel}","templated":true}]}}