{"id":3888,"date":"2020-07-21T16:41:05","date_gmt":"2020-07-21T21:41:05","guid":{"rendered":"http:\/\/derechosinfronteras.pe\/?p=6341"},"modified":"2020-07-21T16:41:05","modified_gmt":"2020-07-21T21:41:05","slug":"septimo-dia-del-paro-indefinido-en-espinar-invocan-al-dialogo-urgente-para-garantizar-el-respeto-por-los-derechos-humanos","status":"publish","type":"post","link":"https:\/\/derechosinfronteras.pe\/ingles\/septimo-dia-del-paro-indefinido-en-espinar-invocan-al-dialogo-urgente-para-garantizar-el-respeto-por-los-derechos-humanos\/","title":{"rendered":"S\u00e9ptimo d\u00eda del paro indefinido en Espinar: invocan al di\u00e1logo urgente para garantizar el respeto por los derechos humanos"},"content":{"rendered":"<p>Redacci\u00f3n DHSF<\/p>\n<p>Las organizaciones Derechos Humanos Sin Fronteras (DHSF), Red Muqui y la Coordinadora Nacional de Derechos Humanos (CNDDHH) invocaron a un di\u00e1logo urgente para garantizar el respeto por los derechos humanos de los manifestantes de la provincia de Espinar que acatan un paro indefinido contra la empresa minera Antapaccay.<\/p>\n<p>A trav\u00e9s de un pronunciamiento, las citadas instituciones indicaron que el uso de los recursos econ\u00f3micos derivados del Convenio Marco los decide el Comit\u00e9 de Gesti\u00f3n de este convenio<em>,<\/em> y debe implementarse de acuerdo a las demandas y necesidades de la poblaci\u00f3n local y sus comunidades. \u201cLa profunda crisis generada por el impacto de la pandemia del COVID-19 en el pa\u00eds y en Espinar, ha llevado a que el Comit\u00e9 de Gesti\u00f3n del Convenio Marco autorice el uso de estos recursos para la distribuci\u00f3n de un bono humanitario de mil soles\u201d, se lee en el documento.<\/p>\n<p>Otro punto importante es el llamado al di\u00e1logo para que las partes involucradas encuentren los canales adecuados para la implementaci\u00f3n de los acuerdos del Comit\u00e9 de Gesti\u00f3n del Convenio Marco, presidido por el alcalde de la Municipalidad Provincial de Espinar e integrado por los alcaldes distritales, Frente \u00danico de Defensa de los Intereses de Espinar, Federaci\u00f3n Unificada de Campesinos de Espinar, Asociaci\u00f3n de Urbanizaciones y Pueblos J\u00f3venes de Espinar, Cuenca Ca\u00f1ipia, Cuenca Salado y representante de la Compa\u00f1\u00eda Minera Antapaccay.<\/p>\n<p>En ese sentido, exhortaron al gobierno nacional y a la empresa minera para que a trav\u00e9s del di\u00e1logo faciliten una salida a este conflicto, tomando en cuenta la grave situaci\u00f3n de la pandemia del COVID-19, el derecho a la salud y la vida, y el derecho a un medio ambiente sin contaminaci\u00f3n.<\/p>\n<p>Del mismo modo, hicieron un llamado a la poblaci\u00f3n de Espinar, a los representantes de las organizaciones de base, y a las autoridades locales evitar caer en actos de provocaci\u00f3n y de violencia, as\u00ed como evitar la exposici\u00f3n y diseminaci\u00f3n del coronavirus a trav\u00e9s de las aglomeraciones. \u201cDeploramos que, frente a las medidas tomadas por el Comit\u00e9 de Gesti\u00f3n del Convenio Marco, y en pleno contexto de pandemia y crisis, se haya iniciado una campa\u00f1a de desprestigio a las y los l\u00edderes y dirigentes sociales de Espinar; as\u00ed como el hecho que la empresa haya iniciado una fuerte campa\u00f1a medi\u00e1tica con una propuesta paralela denominada Reactiva Espinar, la misma que ha sido desestimada por el Comit\u00e9. Estos hechos en lugar de facilitar el di\u00e1logo provocan y generan malestar en medio de un paro indefinido\u201d, se lee parte del pronunciamiento<\/p>\n<p>Finalmente, Derechos Humanos Sin Fronteras (DHSF), Red Muqui y la Coordinadora Nacional de Derechos Humanos (CNDDHH) rechazaron todo acto de hostigamiento y criminalizaci\u00f3n de la protesta social, tal como ocurre en las actuales circunstancias en contra de las y los l\u00edderes y dirigentes sociales de Espinar. \u201cAl respecto hemos tomado conocimiento sobre disposiciones de investigaci\u00f3n de la fiscal\u00eda por delitos que no se han cometido, sin investigar las causas de la protesta social y las demandas de Espinar, en este sentido rechazamos cualquier forma de abuso de autoridad, as\u00ed como de actos de violencia que se puedan desatar\u201d, concluye el documento.<\/p>\n<figure id=\"attachment_6342\" aria-describedby=\"caption-attachment-6342\" style=\"width: 705px\" class=\"wp-caption alignnone\"><img fetchpriority=\"high\" decoding=\"async\" class=\"size-large wp-image-6342\" src=\"http:\/\/derechosinfronteras.pe\/wp-content\/uploads\/2020\/07\/pronunciamientomodi-espinar-menor-calidad-705x1024.jpg\" alt=\"\" width=\"705\" height=\"1024\" \/><figcaption id=\"caption-attachment-6342\" class=\"wp-caption-text\">Foto: pronunciamiento<\/figcaption><\/figure>","protected":false},"excerpt":{"rendered":"<p>Redacci\u00f3n DHSF Las organizaciones Derechos Humanos Sin Fronteras (DHSF), Red Muqui y la Coordinadora Nacional de Derechos Humanos (CNDDHH) invocaron a un di\u00e1logo urgente para garantizar el respeto por los derechos humanos de los manifestantes de la provincia de Espinar que acatan un paro indefinido contra la empresa minera Antapaccay. A trav\u00e9s de un pronunciamiento, [&hellip;]<\/p>\n","protected":false},"author":1,"featured_media":3889,"comment_status":"open","ping_status":"open","sticky":false,"template":"","format":"standard","meta":{"_monsterinsights_skip_tracking":false,"_monsterinsights_sitenote_active":false,"_monsterinsights_sitenote_note":"","_monsterinsights_sitenote_category":0,"_jetpack_memberships_contains_paid_content":false,"footnotes":"","jetpack_publicize_message":"","jetpack_publicize_feature_enabled":true,"jetpack_social_post_already_shared":false,"jetpack_social_options":{"image_generator_settings":{"template":"highway","default_image_id":0,"font":"","enabled":false},"version":2}},"categories":[1],"tags":[],"class_list":["post-3888","post","type-post","status-publish","format-standard","has-post-thumbnail","hentry","category-sin-categoria"],"blocksy_meta":[],"jetpack_publicize_connections":[],"jetpack_featured_media_url":"https:\/\/derechosinfronteras.pe\/wp-content\/uploads\/2020\/07\/NOTA-FOTODEL-PRONUNCIAMIENTO.jpg","jetpack_sharing_enabled":true,"jetpack_likes_enabled":true,"_links":{"self":[{"href":"https:\/\/derechosinfronteras.pe\/ingles\/wp-json\/wp\/v2\/posts\/3888","targetHints":{"allow":["GET"]}}],"collection":[{"href":"https:\/\/derechosinfronteras.pe\/ingles\/wp-json\/wp\/v2\/posts"}],"about":[{"href":"https:\/\/derechosinfronteras.pe\/ingles\/wp-json\/wp\/v2\/types\/post"}],"author":[{"embeddable":true,"href":"https:\/\/derechosinfronteras.pe\/ingles\/wp-json\/wp\/v2\/users\/1"}],"replies":[{"embeddable":true,"href":"https:\/\/derechosinfronteras.pe\/ingles\/wp-json\/wp\/v2\/comments?post=3888"}],"version-history":[{"count":0,"href":"https:\/\/derechosinfronteras.pe\/ingles\/wp-json\/wp\/v2\/posts\/3888\/revisions"}],"wp:featuredmedia":[{"embeddable":true,"href":"https:\/\/derechosinfronteras.pe\/ingles\/wp-json\/wp\/v2\/media\/3889"}],"wp:attachment":[{"href":"https:\/\/derechosinfronteras.pe\/ingles\/wp-json\/wp\/v2\/media?parent=3888"}],"wp:term":[{"taxonomy":"category","embeddable":true,"href":"https:\/\/derechosinfronteras.pe\/ingles\/wp-json\/wp\/v2\/categories?post=3888"},{"taxonomy":"post_tag","embeddable":true,"href":"https:\/\/derechosinfronteras.pe\/ingles\/wp-json\/wp\/v2\/tags?post=3888"}],"curies":[{"name":"wp","href":"https:\/\/api.w.org\/{rel}","templated":true}]}}