{"id":3890,"date":"2020-07-15T13:13:31","date_gmt":"2020-07-15T18:13:31","guid":{"rendered":"http:\/\/derechosinfronteras.pe\/?p=6326"},"modified":"2020-07-15T13:13:31","modified_gmt":"2020-07-15T18:13:31","slug":"inicia-el-paro-indefinido-en-espinar-contra-la-empresa-minera-antapaccay-en-pleno-estado-de-emergencia","status":"publish","type":"post","link":"https:\/\/derechosinfronteras.pe\/ingles\/inicia-el-paro-indefinido-en-espinar-contra-la-empresa-minera-antapaccay-en-pleno-estado-de-emergencia\/","title":{"rendered":"Inicia el paro indefinido en Espinar contra la empresa minera Antapaccay en pleno estado de emergencia"},"content":{"rendered":"<p>Redacci\u00f3n DHSF<\/p>\n<p>Tal como lo hab\u00edan anunciado las organizaciones sociales de la provincia de Espinar, hoy empez\u00f3 el paro indefinido en esta parte de la regi\u00f3n Cusco en contra de la empresa minera Antapaccay, la cual se opone en cumplir con la entrega de un bono solidario de S\/ 1000.<\/p>\n<p>En el distrito de Yauri, hay cientos de polic\u00edas y militares que evitan el ingreso de los manifestantes a la plaza de armas. Poco a poco, decenas de personas se est\u00e1n sumando a esta medida social en pleno estado de emergencia. Hasta el momento no se han reportado altercados entre los agentes del orden y los protestantes.<\/p>\n<figure id=\"attachment_6328\" aria-describedby=\"caption-attachment-6328\" style=\"width: 1024px\" class=\"wp-caption alignnone\"><img fetchpriority=\"high\" decoding=\"async\" class=\"size-large wp-image-6328\" src=\"http:\/\/derechosinfronteras.pe\/wp-content\/uploads\/2020\/07\/WhatsApp-Image-2020-07-15-at-11.15.26-AM-1024x576.jpeg\" alt=\"\" width=\"1024\" height=\"576\" \/><figcaption id=\"caption-attachment-6328\" class=\"wp-caption-text\">Foto: contingente policial y militar<\/figcaption><\/figure>\n<p>La tensi\u00f3n en Espinar se increment\u00f3 desde ayer cuando tras un largo debate que dur\u00f3 aproximadamente 7 horas, la mesa multisectorial instalada, por segunda vez, dio por agotado el di\u00e1logo en torno al subsidio econ\u00f3mico.<\/p>\n<p>La posici\u00f3n de la empresa Antapaccay fue clave para que no se llegu\u00e9 a un acuerdo, puesto que el gerente de Relaciones Comunitarias de la compa\u00f1\u00eda minera, Livio Paliza, no acept\u00f3 la propuesta de consenso presentada por el equipo t\u00e9cnico conformado por disposici\u00f3n de la mesa de di\u00e1logo, pese a que hab\u00eda mostrado su conformidad horas antes.<\/p>\n<p>La propuesta consist\u00eda en entregar vales de alimentos, medicamentos y equipos de bioseguridad contra el COVID-19 y microcr\u00e9ditos a cero por ciento de intereses. El presupuesto total ascend\u00eda a S\/ 30 millones.<\/p>\n<p>Los miembros del Comit\u00e9 de Gesti\u00f3n del Convenio Marco criticaron a la minera por no tener voluntad de di\u00e1logo y seguir ratificando su posici\u00f3n en contra del bono, cuyo objetivo es atender, de manera excepcional, a la poblaci\u00f3n espinarense debido a que atraviesa una aguda crisis econ\u00f3mica por efecto de la cuarentena nacional por el COVID-19. Por lo tanto, las organizaciones sociales decidieron seguir firmes con el paro indefinido suspendido en el a\u00f1o 2012 y que ha sido retomado a partir de hoy 15 de julio.<\/p>\n<p>Al terminar la sesi\u00f3n de la mesa multisectorial, las autoridades firmaron un acta de respaldo a la medida de lucha autoconvocada por distintas organizaciones sociales, entre ellas el Comit\u00e9 de Lucha Provincial de Espinar. En el documento firmaron el gobernador regional de Cusco, Jean Paul Benavente Garc\u00eda, el obispo de la Prelatura de Sicuani, monse\u00f1or Pedro Bustamante, alcaldes distritales, entre otras autoridades y representantes de la sociedad civil.<\/p>\n<p>A la reuni\u00f3n participaron -de manera presencial y en algunos casos virtualmente- los representantes de la Presidencia del Consejo de Ministros, Ministerio de Energ\u00eda y Minas, Defensor\u00eda del Pueblo, Gobierno Regional de Cusco, Suprefectura de Cusco, el obispo de la Prelatura de Sicuani, monse\u00f1or Pedro Bustamante, alcaldes distritales de la provincia de Espinar, as\u00ed como los integrantes del Comit\u00e9 de Gesti\u00f3n del Convenio Marco y el gerente de Relaciones Comunitarias, Livio Paliza. Este \u00faltimo asisti\u00f3 en lugar del gerente general de la compa\u00f1\u00eda minera, Carlos Cotera Avellaneda.<\/p>\n<p>Desde ayer polic\u00edas y militares resguardan las principales calles de Yauri y mantienen bloqueado el acceso a la plaza de armas. Hoy en la madrugada ingresaron 3 \u00f3mnibus repletos de agentes del orden. El panorama es complicado tambi\u00e9n para las defensoras y defensores de Espinar ya que temen que se vulneren sus derechos en esta emergencia nacional que se vive en el pa\u00eds y que proh\u00edbe las reuniones y protestas.<\/p>\n<p>ANTECEDENTES<\/p>\n<p>El pasado 14 de mayo, el Comit\u00e9 de Gesti\u00f3n del Convenio Marco aprob\u00f3 la entrega de un bono solidario a trav\u00e9s del proyecto \u201cMejoramiento de servicio de capacidades socioecon\u00f3micas para la reactivaci\u00f3n econ\u00f3mica familiar frente a la situaci\u00f3n de emergencia COVID-19 en los 8 distritos\u201d con un presupuesto total de S\/ 50 millones con dinero del Convenio Marco de Espinar. A pesar que se sigui\u00f3 todos los procedimientos legales y t\u00e9cnicos, la minera insiste en que el subsidio econ\u00f3mico no tiene base legal ni t\u00e9cnica ni tampoco cumple con los objetivos del convenio.<\/p>\n<p>Frente a esta situaci\u00f3n, diversas organizaciones sociales emitieron pronunciamientos, se conform\u00f3 el Comit\u00e9 de Lucha Provincial de Espinar, se acataron varios cacerolazos en protesta, y se pidi\u00f3 a las autoridades nacionales, regionales y provinciales interceder en el cumplimiento del bono econ\u00f3mico. Luego de dos meses y a solicitud de las organizaciones sociales, se realiz\u00f3 dos veces la reuni\u00f3n multisectorial de di\u00e1logo con la presencia de autoridades nacionales. Sin embargo, ayer no se logr\u00f3 ning\u00fan acuerdo. La autoconvocatoria al paro es por esa raz\u00f3n.<\/p>\n<p>Durante una conferencia de prensa realizada, el lunes \u00faltimo, en respuesta a la posici\u00f3n negativa de la empresa Antapaccay, los miembros del Comit\u00e9 de Lucha Provincial de Espinar anunciaron el paro indefinido y responsabilizaron a la minera de las posibles consecuencias que podr\u00edan generarse. Adem\u00e1s, brindaron detalles de la plataforma de lucha, la cual contiene 6 puntos:<\/p>\n<ol>\n<li>Cumplimiento inmediato del desembolso de S\/ 50 millones por parte de la minera Antapaccay para que se concrete el subsidio econ\u00f3mico.<\/li>\n<li>Reformulaci\u00f3n del Convenio Marco de Espinar.<\/li>\n<li>Rechazo al Proyecto Minero Antapaccay Expansi\u00f3n Tintaya Integraci\u00f3n Coroccohuayco mientras no entre a revisi\u00f3n ni a consulta previa.<\/li>\n<li>Urgente atenci\u00f3n a los afectados y afectadas por metales pesados en el cuerpo.<\/li>\n<li>Acceso a la justicia ambiental en el corredor minero.<\/li>\n<li>Reestructuraci\u00f3n urgente del Poder Judicial y Ministerio P\u00fablico<\/li>\n<\/ol>\n<figure id=\"attachment_6327\" aria-describedby=\"caption-attachment-6327\" style=\"width: 768px\" class=\"wp-caption alignnone\"><img decoding=\"async\" class=\"size-large wp-image-6327\" src=\"http:\/\/derechosinfronteras.pe\/wp-content\/uploads\/2020\/07\/foto-actadereunionmultisectorial-768x1024.jpeg\" alt=\"\" width=\"768\" height=\"1024\" \/><figcaption id=\"caption-attachment-6327\" class=\"wp-caption-text\">Foto: acta firmada por las autoridades y sociedad civil en respaldo al paro indefinido<\/figcaption><\/figure>","protected":false},"excerpt":{"rendered":"<p>Redacci\u00f3n DHSF Tal como lo hab\u00edan anunciado las organizaciones sociales de la provincia de Espinar, hoy empez\u00f3 el paro indefinido en esta parte de la regi\u00f3n Cusco en contra de la empresa minera Antapaccay, la cual se opone en cumplir con la entrega de un bono solidario de S\/ 1000. En el distrito de Yauri, [&hellip;]<\/p>\n","protected":false},"author":1,"featured_media":3891,"comment_status":"open","ping_status":"open","sticky":false,"template":"","format":"standard","meta":{"_monsterinsights_skip_tracking":false,"_monsterinsights_sitenote_active":false,"_monsterinsights_sitenote_note":"","_monsterinsights_sitenote_category":0,"_jetpack_memberships_contains_paid_content":false,"footnotes":"","jetpack_publicize_message":"","jetpack_publicize_feature_enabled":true,"jetpack_social_post_already_shared":false,"jetpack_social_options":{"image_generator_settings":{"template":"highway","default_image_id":0,"font":"","enabled":false},"version":2}},"categories":[1],"tags":[],"class_list":["post-3890","post","type-post","status-publish","format-standard","has-post-thumbnail","hentry","category-sin-categoria"],"blocksy_meta":[],"jetpack_publicize_connections":[],"jetpack_featured_media_url":"https:\/\/derechosinfronteras.pe\/wp-content\/uploads\/2020\/07\/FOTO-PARO.jpg","jetpack_sharing_enabled":true,"jetpack_likes_enabled":true,"_links":{"self":[{"href":"https:\/\/derechosinfronteras.pe\/ingles\/wp-json\/wp\/v2\/posts\/3890","targetHints":{"allow":["GET"]}}],"collection":[{"href":"https:\/\/derechosinfronteras.pe\/ingles\/wp-json\/wp\/v2\/posts"}],"about":[{"href":"https:\/\/derechosinfronteras.pe\/ingles\/wp-json\/wp\/v2\/types\/post"}],"author":[{"embeddable":true,"href":"https:\/\/derechosinfronteras.pe\/ingles\/wp-json\/wp\/v2\/users\/1"}],"replies":[{"embeddable":true,"href":"https:\/\/derechosinfronteras.pe\/ingles\/wp-json\/wp\/v2\/comments?post=3890"}],"version-history":[{"count":0,"href":"https:\/\/derechosinfronteras.pe\/ingles\/wp-json\/wp\/v2\/posts\/3890\/revisions"}],"wp:featuredmedia":[{"embeddable":true,"href":"https:\/\/derechosinfronteras.pe\/ingles\/wp-json\/wp\/v2\/media\/3891"}],"wp:attachment":[{"href":"https:\/\/derechosinfronteras.pe\/ingles\/wp-json\/wp\/v2\/media?parent=3890"}],"wp:term":[{"taxonomy":"category","embeddable":true,"href":"https:\/\/derechosinfronteras.pe\/ingles\/wp-json\/wp\/v2\/categories?post=3890"},{"taxonomy":"post_tag","embeddable":true,"href":"https:\/\/derechosinfronteras.pe\/ingles\/wp-json\/wp\/v2\/tags?post=3890"}],"curies":[{"name":"wp","href":"https:\/\/api.w.org\/{rel}","templated":true}]}}