{"id":3892,"date":"2020-07-14T11:42:44","date_gmt":"2020-07-14T16:42:44","guid":{"rendered":"http:\/\/derechosinfronteras.pe\/?p=6320"},"modified":"2020-07-14T11:42:44","modified_gmt":"2020-07-14T16:42:44","slug":"el-trabajo-de-las-rondas-campesinas-de-chumbivilcas-no-se-detiene-por-la-pandemia","status":"publish","type":"post","link":"https:\/\/derechosinfronteras.pe\/ingles\/el-trabajo-de-las-rondas-campesinas-de-chumbivilcas-no-se-detiene-por-la-pandemia\/","title":{"rendered":"El trabajo de las rondas campesinas de Chumbivilcas no se detiene ni por la pandemia"},"content":{"rendered":"<p>Redacci\u00f3n DHSF<\/p>\n<p>Cada vez que aumentan los casos del COVID-19 es mayor el miedo y el temor en el pa\u00eds, pero en la provincia de Chumbivilcas, regi\u00f3n Cusco, hay grupos de mujeres y hombres que se enfrentan cada d\u00eda a ese virus invisible y mortal con tal de contener el contagio en sus comunidades. Se trata de las rondas campesinas.<\/p>\n<p>Sin embargo, muchas veces su labor no es reconocida por las autoridades de los diferentes niveles, y en esta pandemia tampoco ha cambiado, pues no han recibido ning\u00fan bono econ\u00f3mico por parte del Estado ni implementos de equipos de bioseguridad para protegerse del coronavirus, ni mucho menos protectores para soportar el inclemente fr\u00edo de las comunidades altoandinas.<\/p>\n<p>La Central de Rondas Campesinas de la provincia de Chumbivilcas agrupa aproximadamente a 1800 ronderos, entre hombres y mujeres, quienes de d\u00eda y noche han supervisado a los transe\u00fantes y transportistas para que respeten el aislamiento social durante el estado de emergencia. Esta vigilancia, que es realizada principalmente en las comunidades, en los ingresos a zonas urbanas y en el Corredor Vial Minero de Chumbivilcas, no se ha detenido ni por la pandemia, y contin\u00faan en esta etapa de reactivaci\u00f3n.<\/p>\n<p>Ahora que nos encontramos en la fase 3 de la reactivaci\u00f3n econ\u00f3mica, el Ejecutivo est\u00e1 m\u00e1s preocupado en activar el 96 % de la econom\u00eda, antes que atender a ese grupo de hombres y mujeres que est\u00e1 en primera l\u00ednea de batalla contra el coronavirus de manera voluntaria y sin pedir nada a cambio, con tal de proteger a las comunidades de ese enemigo que ha cobrado la vida de 12054 compatriotas y 65 en nuestra regi\u00f3n.<\/p>","protected":false},"excerpt":{"rendered":"<p>Redacci\u00f3n DHSF Cada vez que aumentan los casos del COVID-19 es mayor el miedo y el temor en el pa\u00eds, pero en la provincia de Chumbivilcas, regi\u00f3n Cusco, hay grupos de mujeres y hombres que se enfrentan cada d\u00eda a ese virus invisible y mortal con tal de contener el contagio en sus comunidades. Se [&hellip;]<\/p>\n","protected":false},"author":1,"featured_media":3893,"comment_status":"open","ping_status":"open","sticky":false,"template":"","format":"standard","meta":{"_monsterinsights_skip_tracking":false,"_monsterinsights_sitenote_active":false,"_monsterinsights_sitenote_note":"","_monsterinsights_sitenote_category":0,"_jetpack_memberships_contains_paid_content":false,"footnotes":"","jetpack_publicize_message":"","jetpack_publicize_feature_enabled":true,"jetpack_social_post_already_shared":false,"jetpack_social_options":{"image_generator_settings":{"template":"highway","default_image_id":0,"font":"","enabled":false},"version":2}},"categories":[1],"tags":[],"class_list":["post-3892","post","type-post","status-publish","format-standard","has-post-thumbnail","hentry","category-sin-categoria"],"blocksy_meta":[],"jetpack_publicize_connections":[],"jetpack_featured_media_url":"https:\/\/derechosinfronteras.pe\/wp-content\/uploads\/2020\/07\/nota-rondascampesinas.jpg","jetpack_sharing_enabled":true,"jetpack_likes_enabled":true,"_links":{"self":[{"href":"https:\/\/derechosinfronteras.pe\/ingles\/wp-json\/wp\/v2\/posts\/3892","targetHints":{"allow":["GET"]}}],"collection":[{"href":"https:\/\/derechosinfronteras.pe\/ingles\/wp-json\/wp\/v2\/posts"}],"about":[{"href":"https:\/\/derechosinfronteras.pe\/ingles\/wp-json\/wp\/v2\/types\/post"}],"author":[{"embeddable":true,"href":"https:\/\/derechosinfronteras.pe\/ingles\/wp-json\/wp\/v2\/users\/1"}],"replies":[{"embeddable":true,"href":"https:\/\/derechosinfronteras.pe\/ingles\/wp-json\/wp\/v2\/comments?post=3892"}],"version-history":[{"count":0,"href":"https:\/\/derechosinfronteras.pe\/ingles\/wp-json\/wp\/v2\/posts\/3892\/revisions"}],"wp:featuredmedia":[{"embeddable":true,"href":"https:\/\/derechosinfronteras.pe\/ingles\/wp-json\/wp\/v2\/media\/3893"}],"wp:attachment":[{"href":"https:\/\/derechosinfronteras.pe\/ingles\/wp-json\/wp\/v2\/media?parent=3892"}],"wp:term":[{"taxonomy":"category","embeddable":true,"href":"https:\/\/derechosinfronteras.pe\/ingles\/wp-json\/wp\/v2\/categories?post=3892"},{"taxonomy":"post_tag","embeddable":true,"href":"https:\/\/derechosinfronteras.pe\/ingles\/wp-json\/wp\/v2\/tags?post=3892"}],"curies":[{"name":"wp","href":"https:\/\/api.w.org\/{rel}","templated":true}]}}