{"id":3894,"date":"2020-07-13T15:35:27","date_gmt":"2020-07-13T20:35:27","guid":{"rendered":"http:\/\/derechosinfronteras.pe\/?p=6312"},"modified":"2020-07-13T15:35:27","modified_gmt":"2020-07-13T20:35:27","slug":"atencion-anuncian-paro-indefinido-en-espinar-a-partir-del-miercoles-contra-la-empresa-minera-antapaccay","status":"publish","type":"post","link":"https:\/\/derechosinfronteras.pe\/ingles\/atencion-anuncian-paro-indefinido-en-espinar-a-partir-del-miercoles-contra-la-empresa-minera-antapaccay\/","title":{"rendered":"\u00a1Atenci\u00f3n!: anuncian paro indefinido en Espinar a partir del mi\u00e9rcoles contra la empresa minera Antapaccay"},"content":{"rendered":"<p>Redacci\u00f3n DHSF<\/p>\n<p>Las organizaciones sociales de la provincia de Espinar, regi\u00f3n de Cusco, aprobaron el inicio de un paro provincial indefinido a partir de las 00 horas del mi\u00e9rcoles 15 en protesta contra la empresa Antapaccay, cuyos representantes se niegan a cumplir con la entrega del bono solidario de S\/ 1000.<\/p>\n<p>Esta medida fue anunciada esta ma\u00f1ana por los integrantes del Comit\u00e9 de Lucha Provincial de Espinar, durante una conferencia de prensa realizada en la ciudad de Cusco.<\/p>\n<p>La plataforma de lucha contiene seis puntos:<\/p>\n<ol>\n<li>Cumplimiento inmediato del desembolso de S\/ 50 millones por parte de la minera Antapaccay para que se concrete el subsidio econ\u00f3mico.<\/li>\n<li>Reformulaci\u00f3n del Convenio Marco de Espinar.<\/li>\n<li>Rechazo al Proyecto Minero Antapaccay Expansi\u00f3n Tintaya Integraci\u00f3n Coroccohuayco mientras no entre a revisi\u00f3n ni a consulta previa.<\/li>\n<li>Acceso a la justicia ambiental en el corredor minero.<\/li>\n<li>Urgente atenci\u00f3n a los afectados y afectadas por metales pesados en el cuerpo.<\/li>\n<li>Reestructuraci\u00f3n urgente del Poder Judicial y Ministerio P\u00fablico.<\/li>\n<\/ol>\n<p>Esta \u00faltima demanda responde al temor de la poblaci\u00f3n a que queden impunes la muerte de David Chullunquia y Clara Chuctaya, presidenta de la comunidad Huisapata del distrito de Ocoruro.<\/p>\n<p>A la vez, los miembros del Comit\u00e9 de Lucha Provincial responsabilizaron a la empresa Antapaccay de las posibles consecuencias que podr\u00edan generarse por el paro indefinido. Esto a ra\u00edz de la indignaci\u00f3n popular, puesto que en Espinar se han agotado todas las v\u00edas democr\u00e1ticas y pac\u00edficas para viabilizar el acuerdo del subsidio econ\u00f3mico de S\/ 1000.<\/p>\n<p>Pese a que el bono fue aprobado por el Comit\u00e9 de Gesti\u00f3n del Convenio Marco y sigui\u00f3 todos los procedimientos legales y t\u00e9cnicos, la minera insiste en que el proyecto \u201cMejoramiento de servicio de capacidades socioecon\u00f3micas para la reactivaci\u00f3n econ\u00f3mica familiar frente a la situaci\u00f3n de emergencia COVID-19 en los 8 distritos\u201d, el cual sustenta la entrega del bono solidario con un presupuesto total de S\/ 50 millones con dinero del Convenio Marco de Espinar, no tiene base legal ni t\u00e9cnica ni tampoco cumple con los objetivos del convenio.<\/p>\n<p>Como parte de una estrategia, un grupo de empleados de la minera se encuentra entregando v\u00edveres a favor de la poblaci\u00f3n de Espinar, as\u00ed como difundiendo la contrapropuesta de Antapaccay, denominada Reactiva Espinar, que consiste en generar 23 mil empleos directos e indirectos en la provincia de Espinar, siempre y cuando se realice en lugar del subsidio. Sin embargo, varias <a href=\"https:\/\/derechosinfronteras.pe\/ingles\/comunidades-de-pallpata-rechazan-canastas-ofrecidas-por-la-empresa-antapaccay-en-protesta-por-acciones-mediaticas-de-la-minera\/\">comunidades campesinas no han aceptado los paquetes de v\u00edveres<\/a> en rechazo a las acciones medi\u00e1ticas realizadas por esta empresa para ratificar su postura en contra del bono.<\/p>\n<p>En respaldo al bono econ\u00f3mico, el Frente \u00danico de Defensa por los Intereses de Espinar (FUDIE), Comit\u00e9 de Lucha Provincial, Federaci\u00f3n Unificada de Campesinos de Espinar (FUCAE), Asociaci\u00f3n de Urbanizaciones y Pueblos J\u00f3venes de Espinar (AUPE), Sindicato \u00danico de Comerciantes, Asociaci\u00f3n de Padres de Familia, Sindicato de Construcci\u00f3n Civil, Frente \u00danico de la Juventud Espinarense K\u2019ana (FUJEK), Sindicato \u00danico de Comerciantes de Espinar (SUCME), entre otras organizaciones sociales, emitieron hoy un pronunciamiento para reafirmar el paro indefinido. Adem\u00e1s, exigieron que la minera cumpla inmediatamente con la entrega del bono solidario debido a que la poblaci\u00f3n espinarense atraviesa una aguda crisis econ\u00f3mica por efecto de la cuarentena nacional por el COVID-19.<\/p>\n<p>Estas organizaciones tambi\u00e9n rechazaron la conformaci\u00f3n de un equipo t\u00e9cnico integrado por dos representantes de la Municipalidad Provincial de Espinar, un representante del Comit\u00e9 de Gesti\u00f3n del Convenio Marco, un representante de la Presidencia de Consejo de Ministros, un representante del Ministerio de Energ\u00eda y Minas, un representante de la empresa Antapaccay y un representante del Gobierno Regional de Cusco, que trabajar\u00e1 una propuesta de consenso. En el pronunciamiento indicaron que esta designaci\u00f3n fue autoritaria y sin considerar la participaci\u00f3n de las organizaciones sociales de la provincia de Espinar, aunque no ahondaron en detalles.<\/p>\n<p>La creaci\u00f3n de dicho grupo t\u00e9cnico fue un acuerdo de la mesa multisectorial instalada, el pasado 9 de julio, frente a las posiciones contrarias entre los miembros del Comit\u00e9 de Gesti\u00f3n del Convenio Marco y la empresa minera Antapaccay sobre el subsidio econ\u00f3mico.<\/p>\n<p>Esta mesa multisectorial de di\u00e1logo se instalar\u00e1 ma\u00f1ana martes por segunda y \u00faltima vez, y se espera la presencia del gerente general de la minera, Carlos Cotera Avellaneda, de las autoridades nacionales, regionales y provinciales y del Comit\u00e9 de Gesti\u00f3n del Convenio Marco. La \u00fanica agenda es discutir y aprobar la propuesta de consenso elaborada por el equipo t\u00e9cnico. De no lograrse un acuerdo, se dar\u00e1 por agotada la mesa de di\u00e1logo.<\/p>\n<p>No obstante, las organizaciones sociales decidieron retomar el paro suspendido en el a\u00f1o 2012 a partir de este mi\u00e9rcoles. La provincia de Espinar lleva casi 40 a\u00f1os de explotaci\u00f3n minera, pero las condiciones de vida no han mejorado, es m\u00e1s, con la pandemia se han profundizado las desigualdades y la exclusi\u00f3n ya existentes.<\/p>\n<p>AMPLIACI\u00d3N DE ANTAPACCAY<\/p>\n<p>Mientras el panorama es cada vez m\u00e1s complicado en Espinar y en el resto del pa\u00eds, el Ejecutivo prev\u00e9 reiniciar nueve procesos de consulta previa relacionados a proyectos mineros y de hidrocarburos. En la lista figura la ampliaci\u00f3n de mina Antapaccay con la expansi\u00f3n Coroccohuayco en la provincia de Espinar.<\/p>\n<p>Vale precisar que, el pasado 30 de junio, la titular del Ministerio de Econom\u00eda y Finanzas, Mar\u00eda Alva, dej\u00f3 abierta la posibilidad de que los tr\u00e1mites de consulta previa sean de manera virtual, por lo cual las comunidades ind\u00edgenas, las diferentes organizaciones sociales como Derechos Humanos Sin Fronteras, e incluso la Comisi\u00f3n Interamericana de Derechos Humanos (CIDH) rechazaron las declaraciones de Alva. Luego, la ministra de Energ\u00eda y Minas, Susana Vilca, descart\u00f3 dicha posibilidad.<\/p>\n<figure id=\"attachment_6313\" aria-describedby=\"caption-attachment-6313\" style=\"width: 722px\" class=\"wp-caption alignnone\"><img fetchpriority=\"high\" decoding=\"async\" class=\"size-full wp-image-6313\" src=\"http:\/\/derechosinfronteras.pe\/wp-content\/uploads\/2020\/07\/WhatsApp-Image-2020-07-13-at-9.13.09-AM.jpeg\" alt=\"\" width=\"722\" height=\"1000\" \/><figcaption id=\"caption-attachment-6313\" class=\"wp-caption-text\">Foto: pronunciamiento<\/figcaption><\/figure>","protected":false},"excerpt":{"rendered":"<p>Redacci\u00f3n DHSF Las organizaciones sociales de la provincia de Espinar, regi\u00f3n de Cusco, aprobaron el inicio de un paro provincial indefinido a partir de las 00 horas del mi\u00e9rcoles 15 en protesta contra la empresa Antapaccay, cuyos representantes se niegan a cumplir con la entrega del bono solidario de S\/ 1000. Esta medida fue anunciada [&hellip;]<\/p>\n","protected":false},"author":1,"featured_media":3895,"comment_status":"open","ping_status":"open","sticky":false,"template":"","format":"standard","meta":{"_monsterinsights_skip_tracking":false,"_monsterinsights_sitenote_active":false,"_monsterinsights_sitenote_note":"","_monsterinsights_sitenote_category":0,"_jetpack_memberships_contains_paid_content":false,"footnotes":"","jetpack_publicize_message":"","jetpack_publicize_feature_enabled":true,"jetpack_social_post_already_shared":false,"jetpack_social_options":{"image_generator_settings":{"template":"highway","default_image_id":0,"font":"","enabled":false},"version":2}},"categories":[1],"tags":[],"class_list":["post-3894","post","type-post","status-publish","format-standard","has-post-thumbnail","hentry","category-sin-categoria"],"blocksy_meta":[],"jetpack_publicize_connections":[],"jetpack_featured_media_url":"https:\/\/derechosinfronteras.pe\/wp-content\/uploads\/2020\/07\/NOTA-FOTOCONFERENCIADELCOMITEDELUCHAENCUSCO.jpg","jetpack_sharing_enabled":true,"jetpack_likes_enabled":true,"_links":{"self":[{"href":"https:\/\/derechosinfronteras.pe\/ingles\/wp-json\/wp\/v2\/posts\/3894","targetHints":{"allow":["GET"]}}],"collection":[{"href":"https:\/\/derechosinfronteras.pe\/ingles\/wp-json\/wp\/v2\/posts"}],"about":[{"href":"https:\/\/derechosinfronteras.pe\/ingles\/wp-json\/wp\/v2\/types\/post"}],"author":[{"embeddable":true,"href":"https:\/\/derechosinfronteras.pe\/ingles\/wp-json\/wp\/v2\/users\/1"}],"replies":[{"embeddable":true,"href":"https:\/\/derechosinfronteras.pe\/ingles\/wp-json\/wp\/v2\/comments?post=3894"}],"version-history":[{"count":0,"href":"https:\/\/derechosinfronteras.pe\/ingles\/wp-json\/wp\/v2\/posts\/3894\/revisions"}],"wp:featuredmedia":[{"embeddable":true,"href":"https:\/\/derechosinfronteras.pe\/ingles\/wp-json\/wp\/v2\/media\/3895"}],"wp:attachment":[{"href":"https:\/\/derechosinfronteras.pe\/ingles\/wp-json\/wp\/v2\/media?parent=3894"}],"wp:term":[{"taxonomy":"category","embeddable":true,"href":"https:\/\/derechosinfronteras.pe\/ingles\/wp-json\/wp\/v2\/categories?post=3894"},{"taxonomy":"post_tag","embeddable":true,"href":"https:\/\/derechosinfronteras.pe\/ingles\/wp-json\/wp\/v2\/tags?post=3894"}],"curies":[{"name":"wp","href":"https:\/\/api.w.org\/{rel}","templated":true}]}}