{"id":3897,"date":"2020-07-09T16:41:13","date_gmt":"2020-07-09T21:41:13","guid":{"rendered":"http:\/\/derechosinfronteras.pe\/?p=6294"},"modified":"2020-07-09T16:41:13","modified_gmt":"2020-07-09T21:41:13","slug":"se-extiende-el-dialogo-en-espinar-al-no-llegar-a-un-acuerdo-la-mesa-multisectorial-sobre-el-bono-de-s-1000","status":"publish","type":"post","link":"https:\/\/derechosinfronteras.pe\/ingles\/se-extiende-el-dialogo-en-espinar-al-no-llegar-a-un-acuerdo-la-mesa-multisectorial-sobre-el-bono-de-s-1000\/","title":{"rendered":"Se extiende el di\u00e1logo en Espinar al no llegar a un acuerdo la mesa multisectorial sobre el bono de S\/ 1000"},"content":{"rendered":"<p>Redacci\u00f3n DHSF<\/p>\n<p>La mesa multisectorial instalada hoy en la ma\u00f1ana, en el distrito de Espinar, provincia del mismo nombre, decidi\u00f3 ampliar el di\u00e1logo en torno al bono de S\/ 1000, tras no llegar a un acuerdo los miembros del Comit\u00e9 de Gesti\u00f3n del Convenio Marco y la empresa minera Antapaccay.<\/p>\n<p>El martes 14 de julio es la pr\u00f3xima reuni\u00f3n y se espera nuevamente la participaci\u00f3n de la Alta Comisionada para el Di\u00e1logo y Desarrollo en el Corredor Vial Sur, Paola Bustamante, del gobernador regional de Cusco, Jean Paul Benavente Garc\u00eda, as\u00ed como del obispo de la Prelatura de Sicuani, monse\u00f1or Pedro Bustamante, del consejero regional por Espinar, Felipe Pacuri, entre otras autoridades, a fin de buscar soluciones al conflicto entre los integrantes del comit\u00e9 y el gerente general de la compa\u00f1\u00eda minera, Carlos Cotera Avellaneda. Este \u00faltimo se niega a cumplir con la entrega del subsidio econ\u00f3mico debido a que considera que dicha propuesta no se ajusta a los objetivos del Convenio Marco Espinar y carece de viabilidad t\u00e9cnica y legal.<\/p>\n<p>Por su parte, los dem\u00e1s miembros del Comit\u00e9 de Gesti\u00f3n del Convenio Marco (representantes de la cuenca Capi\u00f1\u00eda, Federaci\u00f3n Unificada de Campesinos de Espinar, Asociaci\u00f3n de Urbanizaciones y Pueblos J\u00f3venes de Espinar,\u00a0cuenca r\u00edo Salado, alcaldes distritales, Frente \u00danico de Defensa de los Intereses de Espinar y el alcalde provincial Lolo Arenas, en calidad de presidente de este comit\u00e9) sostienen que el proyecto \u201cMejoramiento de servicio de capacidades socioecon\u00f3micas para la reactivaci\u00f3n econ\u00f3mica familiar frente a la situaci\u00f3n de emergencia COVID-19 en los 8 distritos\u201d, el cual sustenta la entrega del bono solidario con un presupuesto total de S\/ 50 millones con dinero del Convenio Marco Espinar, tiene base t\u00e9cnica y legal.<\/p>\n<p>El objetivo del subsidio es atender, de manera excepcional, a la poblaci\u00f3n espinarense que atraviesa una crisis econ\u00f3mica por efecto de la pandemia del COVID-19. Solo hace falta que la minera desembolse S\/ 50 millones y firme el convenio con la empresa Esergent Huarca, ente ejecutor del proyecto, para que se concrete el bono solidario.<\/p>\n<p>Desde el principio <a href=\"https:\/\/derechosinfronteras.pe\/ingles\/espinar-aprueban-entrega-de-bono-de-s-1000-a-pobladores-por-emergencia-covid-19\/\">la propuesta fue aprobada por la mayor\u00eda del Comit\u00e9 de Gesti\u00f3n del Convenio Marco<\/a> durante una votaci\u00f3n, el pasado 14 de mayo. Sin embargo, pese al acto democr\u00e1tico, la empresa Antapaccay ratific\u00f3 su postura en contra del subsidio, a trav\u00e9s del gerente de Relaciones Comunitarias de la compa\u00f1\u00eda minera, Livio Paliza, y del gerente general Carlos Cotera. Incluso, la minera difundi\u00f3 su contrapropuesta, denominada Reactiva Espinar, la cual generar\u00eda m\u00e1s de 23 mil puestos de trabajo en la provincia de Espinar. Es m\u00e1s, el 4 de junio, Carlos Cotera envi\u00f3 una carta a la empresa\u00a0Esergent Huarca para informarle que Antapaccay no transferir\u00e1 los S\/ 50 millones.<\/p>\n<p>En respuesta, diversas organizaciones sociales emitieron pronunciamientos, se conform\u00f3 el Comit\u00e9 de Lucha Provincial de Espinar, se acataron varios cacerolazos en protesta, y se pidi\u00f3 a las autoridades nacionales, regionales y provinciales interceder en el cumplimiento del bono econ\u00f3mico. Reci\u00e9n hoy, se realiz\u00f3 una reuni\u00f3n multisectorial con la presencia de autoridades\u00a0 y organizaciones sociales, a solicitud de este \u00faltimo grupo. No obstante, los representantes de Antapaccay prefirieron asistir virtualmente.<\/p>\n<p>Los acuerdos de la reuni\u00f3n fueron dar un ultim\u00e1tum al gerente general Carlos Cotera para que participe presencialmente en la pr\u00f3xima sesi\u00f3n del 14 de julio, y se garantice la realizaci\u00f3n de la misma para que las autoridades y equipo t\u00e9cnico hagan los \u00faltimos reajustes al proyecto del bono, por lo cual se designar\u00e1 a un equipo t\u00e9cnico que trabajar\u00e1 una propuesta de consenso para ser discutida y aprobada, el pr\u00f3ximo martes del corriente. Dicho grupo t\u00e9cnico ser\u00e1 conformado por dos representantes de la Municipalidad Provincial de Espinar, un representante del Comit\u00e9 de Gesti\u00f3n del Convenio Marco, un representante de la Presidencia de Consejo de Ministros, un representante del Ministerio de Energ\u00eda y Minas, un representante de la empresa Antapaccay y un representante del Gobierno Regional de Cusco.<\/p>\n<p>Otro punto del consenso fue invocar al Comit\u00e9 Provincial de Lucha de Espinar, a una voluntad de di\u00e1logo, con el compromiso de lograr los acuerdos y propuestas de los integrantes en la reuni\u00f3n a realizarse.<\/p>","protected":false},"excerpt":{"rendered":"<p>Redacci\u00f3n DHSF La mesa multisectorial instalada hoy en la ma\u00f1ana, en el distrito de Espinar, provincia del mismo nombre, decidi\u00f3 ampliar el di\u00e1logo en torno al bono de S\/ 1000, tras no llegar a un acuerdo los miembros del Comit\u00e9 de Gesti\u00f3n del Convenio Marco y la empresa minera Antapaccay. El martes 14 de julio [&hellip;]<\/p>\n","protected":false},"author":1,"featured_media":3898,"comment_status":"open","ping_status":"open","sticky":false,"template":"","format":"standard","meta":{"_monsterinsights_skip_tracking":false,"_monsterinsights_sitenote_active":false,"_monsterinsights_sitenote_note":"","_monsterinsights_sitenote_category":0,"_jetpack_memberships_contains_paid_content":false,"footnotes":"","jetpack_publicize_message":"","jetpack_publicize_feature_enabled":true,"jetpack_social_post_already_shared":false,"jetpack_social_options":{"image_generator_settings":{"template":"highway","default_image_id":0,"font":"","enabled":false},"version":2}},"categories":[1],"tags":[],"class_list":["post-3897","post","type-post","status-publish","format-standard","has-post-thumbnail","hentry","category-sin-categoria"],"blocksy_meta":[],"jetpack_publicize_connections":[],"jetpack_featured_media_url":"https:\/\/derechosinfronteras.pe\/wp-content\/uploads\/2020\/07\/nota-comitemultiisectorial-espinar.jpg","jetpack_sharing_enabled":true,"jetpack_likes_enabled":true,"_links":{"self":[{"href":"https:\/\/derechosinfronteras.pe\/ingles\/wp-json\/wp\/v2\/posts\/3897","targetHints":{"allow":["GET"]}}],"collection":[{"href":"https:\/\/derechosinfronteras.pe\/ingles\/wp-json\/wp\/v2\/posts"}],"about":[{"href":"https:\/\/derechosinfronteras.pe\/ingles\/wp-json\/wp\/v2\/types\/post"}],"author":[{"embeddable":true,"href":"https:\/\/derechosinfronteras.pe\/ingles\/wp-json\/wp\/v2\/users\/1"}],"replies":[{"embeddable":true,"href":"https:\/\/derechosinfronteras.pe\/ingles\/wp-json\/wp\/v2\/comments?post=3897"}],"version-history":[{"count":0,"href":"https:\/\/derechosinfronteras.pe\/ingles\/wp-json\/wp\/v2\/posts\/3897\/revisions"}],"wp:featuredmedia":[{"embeddable":true,"href":"https:\/\/derechosinfronteras.pe\/ingles\/wp-json\/wp\/v2\/media\/3898"}],"wp:attachment":[{"href":"https:\/\/derechosinfronteras.pe\/ingles\/wp-json\/wp\/v2\/media?parent=3897"}],"wp:term":[{"taxonomy":"category","embeddable":true,"href":"https:\/\/derechosinfronteras.pe\/ingles\/wp-json\/wp\/v2\/categories?post=3897"},{"taxonomy":"post_tag","embeddable":true,"href":"https:\/\/derechosinfronteras.pe\/ingles\/wp-json\/wp\/v2\/tags?post=3897"}],"curies":[{"name":"wp","href":"https:\/\/api.w.org\/{rel}","templated":true}]}}