{"id":3899,"date":"2020-07-09T12:33:28","date_gmt":"2020-07-09T17:33:28","guid":{"rendered":"http:\/\/derechosinfronteras.pe\/?p=6283"},"modified":"2020-07-09T12:33:28","modified_gmt":"2020-07-09T17:33:28","slug":"fartac-sobre-la-reunion-del-consejo-de-coordinacion-regional-de-cusco-basta-de-marginacion","status":"publish","type":"post","link":"https:\/\/derechosinfronteras.pe\/ingles\/fartac-sobre-la-reunion-del-consejo-de-coordinacion-regional-de-cusco-basta-de-marginacion\/","title":{"rendered":"FARTAC sobre la reuni\u00f3n del Consejo de Coordinaci\u00f3n Regional de Cusco: \u201cBasta de marginaci\u00f3n\u201d"},"content":{"rendered":"<p>Redacci\u00f3n DHSF<\/p>\n<p>La Federaci\u00f3n Agraria Revolucionaria T\u00fapac Amaru (FARTAC) de Cusco calific\u00f3 como acto de marginaci\u00f3n la actitud de los responsables de la sesi\u00f3n del Consejo de Coordinaci\u00f3n Regional (CCR), que impidieron la participaci\u00f3n de las organizaciones sociales a dicha reuni\u00f3n.<\/p>\n<p>\u201cLos hombres que labran la tierra, el hombre que provee de alimentos de primera necesidad, no son escuchados en la reuni\u00f3n de alianza por el Cusco, una vez m\u00e1s, han sido excluidos\u201d, se lee el comunicado de la FARTAC difundido, a trav\u00e9s de las redes sociales.<\/p>\n<p>Al respecto, el presidente de la FARTAC, V\u00edctor Ra\u00fal Mayta Frisancho, cuestion\u00f3 que tampoco se haya permitido la asistencia de forma virtual a la reuni\u00f3n realizada ayer.<\/p>\n<p>\u201cNosotros presentamos una carta para que se convoque a (la reuni\u00f3n) del CCR e igual nos invitaron a nosotros tambi\u00e9n por intermedio de una carta.\u00a0 Ninguna organizaci\u00f3n social de Cusco entr\u00f3 ayer a la reuni\u00f3n, as\u00ed que nosotros est\u00e1bamos siguiendo por Facebook la reuni\u00f3n y pedimos que nuestra participaci\u00f3n se escucha (de manera virtual), pero no nos concedieron (la palabra). Nos frustraron nuestra participaci\u00f3n\u201d, critic\u00f3 el dirigente.<\/p>\n<p>D\u00edas atr\u00e1s la FARTAC emiti\u00f3 un pronunciamiento junto con otras organizaciones sociales, frente a los efectos de la crisis sanitaria por el COVID-19 en el sector agrario, y las d\u00e9biles respuestas del Estado para garantizar los derechos sanitarios, productivos, alimentarios, ambientales y territoriales de las comunidades campesinas, nativas y pueblos del sur andino \u2013 amaz\u00f3nico. Por lo tanto, la sesi\u00f3n del CCR era una oportunidad para solicitar, una vez m\u00e1s, a las autoridades que apoyen y se comprometan con la lucha de los hombres y mujeres agricultores de la regi\u00f3n, quienes atraviesan una aguda crisis econ\u00f3mica.<\/p>\n<p>Las demandas del sector agrario son las siguientes: pedir la declaratoria de emergencia agropecuaria, la conformaci\u00f3n de una Comisi\u00f3n de Emergencia Agraria Regional, creaci\u00f3n del Programa Regional Agrario Integral y Sostenible, la construcci\u00f3n de fitotoldos, biohuertos en todas las comunidades campesinas, apoyo con semillas de pap\u00e1, ma\u00edz, habas, trigo, etc. org\u00e1nico y no transg\u00e9nicos, ayuda financiera para los retornantes de la ciudad al campo y la construcci\u00f3n de andenes para ampliar la frontera agr\u00edcola en Cusco, a trav\u00e9s de n\u00facleos ejecutores.<\/p>\n<p>A la fecha el presidente de la Rep\u00fablica, Mart\u00edn Vizcarra, tampoco se ha pronunciado con respecto al pedido de un bono agrario de S\/ 1000 para aproximadamente 2 millones de personas dedicadas a nivel nacional al sector agrario, seg\u00fan precis\u00f3 V\u00edctor Mayta. \u201cNo tenemos un plan propiamente para la reactivaci\u00f3n econ\u00f3mica de la agricultura familiar\u201d, dijo.<\/p>\n<p>Sobre el nuevo programa de cr\u00e9ditos del Ministerio de Agricultura y Riego, denominado Fondo de Apoyo Empresarial (FAE), que consiste en financiar la campa\u00f1a agr\u00edcola 2020 &#8211; 2021, el dirigente enfatiz\u00f3 que todav\u00eda no se ha implementado en el pa\u00eds. \u201cEsto solo va alcanzar para algo de 300 mil agricultores, y nosotros no somos esa cantidad, somos 2 millones de agricultores a nivel nacional\u2026 Lamentablemente, por ahora seguimos atados de manos (y no podemos realizar acciones sociales) porque sigue vigente el estado de emergencia y, por ende, siguen prohibidas las protestas\u201d, concluy\u00f3 el presidente de la FARTAC.<\/p>\n<figure id=\"attachment_6284\" aria-describedby=\"caption-attachment-6284\" style=\"width: 385px\" class=\"wp-caption alignnone\"><img fetchpriority=\"high\" decoding=\"async\" class=\"size-full wp-image-6284\" src=\"http:\/\/derechosinfronteras.pe\/wp-content\/uploads\/2020\/07\/fartac-cusco-facebook.jpg\" alt=\"\" width=\"385\" height=\"479\" \/><figcaption id=\"caption-attachment-6284\" class=\"wp-caption-text\">Foto: comunicado de la FARTAC<\/figcaption><\/figure>","protected":false},"excerpt":{"rendered":"<p>Redacci\u00f3n DHSF La Federaci\u00f3n Agraria Revolucionaria T\u00fapac Amaru (FARTAC) de Cusco calific\u00f3 como acto de marginaci\u00f3n la actitud de los responsables de la sesi\u00f3n del Consejo de Coordinaci\u00f3n Regional (CCR), que impidieron la participaci\u00f3n de las organizaciones sociales a dicha reuni\u00f3n. \u201cLos hombres que labran la tierra, el hombre que provee de alimentos de primera [&hellip;]<\/p>\n","protected":false},"author":1,"featured_media":3900,"comment_status":"open","ping_status":"open","sticky":false,"template":"","format":"standard","meta":{"_monsterinsights_skip_tracking":false,"_monsterinsights_sitenote_active":false,"_monsterinsights_sitenote_note":"","_monsterinsights_sitenote_category":0,"_jetpack_memberships_contains_paid_content":false,"footnotes":"","jetpack_publicize_message":"","jetpack_publicize_feature_enabled":true,"jetpack_social_post_already_shared":false,"jetpack_social_options":{"image_generator_settings":{"template":"highway","default_image_id":0,"font":"","enabled":false},"version":2}},"categories":[1],"tags":[],"class_list":["post-3899","post","type-post","status-publish","format-standard","has-post-thumbnail","hentry","category-sin-categoria"],"blocksy_meta":[],"jetpack_publicize_connections":[],"jetpack_featured_media_url":"https:\/\/derechosinfronteras.pe\/wp-content\/uploads\/2020\/07\/NOTA-FARTAC-CCR.jpg","jetpack_sharing_enabled":true,"jetpack_likes_enabled":true,"_links":{"self":[{"href":"https:\/\/derechosinfronteras.pe\/ingles\/wp-json\/wp\/v2\/posts\/3899","targetHints":{"allow":["GET"]}}],"collection":[{"href":"https:\/\/derechosinfronteras.pe\/ingles\/wp-json\/wp\/v2\/posts"}],"about":[{"href":"https:\/\/derechosinfronteras.pe\/ingles\/wp-json\/wp\/v2\/types\/post"}],"author":[{"embeddable":true,"href":"https:\/\/derechosinfronteras.pe\/ingles\/wp-json\/wp\/v2\/users\/1"}],"replies":[{"embeddable":true,"href":"https:\/\/derechosinfronteras.pe\/ingles\/wp-json\/wp\/v2\/comments?post=3899"}],"version-history":[{"count":0,"href":"https:\/\/derechosinfronteras.pe\/ingles\/wp-json\/wp\/v2\/posts\/3899\/revisions"}],"wp:featuredmedia":[{"embeddable":true,"href":"https:\/\/derechosinfronteras.pe\/ingles\/wp-json\/wp\/v2\/media\/3900"}],"wp:attachment":[{"href":"https:\/\/derechosinfronteras.pe\/ingles\/wp-json\/wp\/v2\/media?parent=3899"}],"wp:term":[{"taxonomy":"category","embeddable":true,"href":"https:\/\/derechosinfronteras.pe\/ingles\/wp-json\/wp\/v2\/categories?post=3899"},{"taxonomy":"post_tag","embeddable":true,"href":"https:\/\/derechosinfronteras.pe\/ingles\/wp-json\/wp\/v2\/tags?post=3899"}],"curies":[{"name":"wp","href":"https:\/\/api.w.org\/{rel}","templated":true}]}}