{"id":3908,"date":"2020-07-06T11:40:35","date_gmt":"2020-07-06T16:40:35","guid":{"rendered":"http:\/\/derechosinfronteras.pe\/?p=6249"},"modified":"2020-07-06T11:40:35","modified_gmt":"2020-07-06T16:40:35","slug":"demandan-al-gobierno-por-poner-en-riesgo-a-los-pueblos-indigenas-durante-la-pandemia-del-covid-19","status":"publish","type":"post","link":"https:\/\/derechosinfronteras.pe\/ingles\/demandan-al-gobierno-por-poner-en-riesgo-a-los-pueblos-indigenas-durante-la-pandemia-del-covid-19\/","title":{"rendered":"Demandan al Gobierno por poner en riesgo a los pueblos ind\u00edgenas durante la pandemia del COVID-19"},"content":{"rendered":"<p>Redacci\u00f3n DHSF<\/p>\n<p>La Organizaci\u00f3n Nacional de Mujeres Ind\u00edgenas Andinas y Amaz\u00f3nicas del Per\u00fa (ONAMIAP) interpuso una demanda de amparo contra los ministerios de Cultura, Salud, Educaci\u00f3n, Econom\u00eda y Finanzas, Desarrollo e Inclusi\u00f3n Social, y la Presidencia del Consejo de Ministros (PCM).<\/p>\n<p>El recurso fue presentado ante el Juzgado Constitucional de Turno de la Corte Superior de Lima, con el acompa\u00f1amiento t\u00e9cnico jur\u00eddico de EarthRights International, por vulnerar y poner en riesgo los derechos a la vida, la integridad, la salud, la identidad \u00e9tnica, la educaci\u00f3n, a la igualdad, al derecho a la libre determinaci\u00f3n y a la participaci\u00f3n, como consecuencia de la falta de pol\u00edticas y medidas adecuadas, oportunas y eficaces, con enfoque \u00e9tnico cultural y de g\u00e9nero en el marco de la pandemia del COVID-19.<\/p>\n<p>La ONAMIAP tom\u00f3 esta decisi\u00f3n debido a que a la fecha se han identificado oficialmente a m\u00e1s de 3,500 personas contagiadas y 255 muertes en 89 comunidades. De acuerdo a informaci\u00f3n de la Defensor\u00eda del Pueblo, solo en la regi\u00f3n Amazonas, cerca de 43, 000 ind\u00edgenas awaj\u00fan, quechua y wamp\u00eds se encuentran en grave peligro por el coronavirus. Adem\u00e1s, en los Andes es similar la vulnerabilidad de los pueblos y comunidades frente al COVID-19, la cual se agrava en esta \u00e9poca de bajas temperaturas por la presencia de heladas y friaje, seg\u00fan advierte esta organizaci\u00f3n.<\/p>\n<p>Con esta demanda, la Onamiap tambi\u00e9n denuncia que en el pa\u00eds no existe la institucionalidad ind\u00edgena dentro de la estructura del Estado. Esto, a pesar de que los pueblos ind\u00edgenas representan el 25 % del total de la poblaci\u00f3n peruana. Sin embargo, este grupo sigue siendo invisible en las estad\u00edsticas del Estado.<\/p>\n<p><strong>RESPUESTA DE LA ONAMIAP<\/strong><\/p>\n<p>La presidenta de la ONAMIAP, Melania Canales Poma, enfatiz\u00f3 que esta acci\u00f3n judicial presentada es una respuesta al Estado por no atender los pedidos de protecci\u00f3n efectiva a favor de los pueblos ind\u00edgenas ante la amenaza de propagaci\u00f3n del coronavirus. \u201cEsta demanda es por los reiterados pedidos que ven\u00edamos haciendo, pero el Estado no los ha tomado en cuenta; tampoco (tom\u00f3 en cuenta) las recomendaciones que hizo la CNDDHH (Coordinadora Nacional de Derechos Humanos en el Per\u00fa)\u201d, inform\u00f3.<\/p>\n<p>Al mismo tiempo, la lideresa subray\u00f3 que los subsidios econ\u00f3micos solicitados para las comunidades nativas y campesinas tampoco han sido atendidos, pese a tratarse de una pandemia. \u201cDebe haber bonos para que (las comunidades) fortalezcan, por lo menos, sus actividades productivas, ya sea artesan\u00eda, agricultura, ganader\u00eda\u2026 Nos gustar\u00eda (que la acci\u00f3n de amparo) se resuelva ya, pero nosotros vamos a seguir hasta el final y si tenemos que ir a la Corte Interamericana (de Derechos Humanos), tendremos que ir\u201d, sostuvo.<\/p>\n<p>Canales tambi\u00e9n cuestion\u00f3 al Estado por no incluir, de manera diferenciada, a las mujeres ind\u00edgenas en las estad\u00edsticas. Por ejemplo, en los casos de violencia de g\u00e9nero se desconoce el n\u00famero de v\u00edctimas en las comunidades originarias. \u201cEsta es una preocupaci\u00f3n que tenemos y cuando hemos reclamado al Ministerio de Cultura, en mesa de partes se\u00f1alan (que nuestros pedidos) van a los ministerios de Educaci\u00f3n, Salud, Mujer. No hay una decisi\u00f3n (por parte del Estado)\u201d, expres\u00f3.<\/p>\n<p>Finalmente, la presidenta analiz\u00f3 las brechas de desigualdad que se han visibilizado en esta pandemia, y afecta en mayor proporci\u00f3n a las mujeres, quienes ahora tienen que asumir una sobrecarga familiar dentro del hogar. \u201cComo mujeres, tenemos que asumir el cuidado de la familia, las mujeres tienen que dedicarse a cuidar a los enfermos, doble trabajo, doble responsabilidad. Cuando empezamos a hablar educaci\u00f3n, las mujeres se convierten en apoyo de los ni\u00f1os, pero muchas veces vemos como mujeres, no estamos fortalecidas en capacidades\u201d, concluy\u00f3 Canales.<\/p>\n<p>&nbsp;<\/p>","protected":false},"excerpt":{"rendered":"<p>Redacci\u00f3n DHSF La Organizaci\u00f3n Nacional de Mujeres Ind\u00edgenas Andinas y Amaz\u00f3nicas del Per\u00fa (ONAMIAP) interpuso una demanda de amparo contra los ministerios de Cultura, Salud, Educaci\u00f3n, Econom\u00eda y Finanzas, Desarrollo e Inclusi\u00f3n Social, y la Presidencia del Consejo de Ministros (PCM). El recurso fue presentado ante el Juzgado Constitucional de Turno de la Corte Superior [&hellip;]<\/p>\n","protected":false},"author":1,"featured_media":3909,"comment_status":"open","ping_status":"open","sticky":false,"template":"","format":"standard","meta":{"_monsterinsights_skip_tracking":false,"_monsterinsights_sitenote_active":false,"_monsterinsights_sitenote_note":"","_monsterinsights_sitenote_category":0,"_jetpack_memberships_contains_paid_content":false,"footnotes":"","jetpack_publicize_message":"","jetpack_publicize_feature_enabled":true,"jetpack_social_post_already_shared":false,"jetpack_social_options":{"image_generator_settings":{"template":"highway","default_image_id":0,"font":"","enabled":false},"version":2}},"categories":[1],"tags":[],"class_list":["post-3908","post","type-post","status-publish","format-standard","has-post-thumbnail","hentry","category-sin-categoria"],"blocksy_meta":[],"jetpack_publicize_connections":[],"jetpack_featured_media_url":"https:\/\/derechosinfronteras.pe\/wp-content\/uploads\/2020\/07\/NOTA-ONAMIAP.jpg","jetpack_sharing_enabled":true,"jetpack_likes_enabled":true,"_links":{"self":[{"href":"https:\/\/derechosinfronteras.pe\/ingles\/wp-json\/wp\/v2\/posts\/3908","targetHints":{"allow":["GET"]}}],"collection":[{"href":"https:\/\/derechosinfronteras.pe\/ingles\/wp-json\/wp\/v2\/posts"}],"about":[{"href":"https:\/\/derechosinfronteras.pe\/ingles\/wp-json\/wp\/v2\/types\/post"}],"author":[{"embeddable":true,"href":"https:\/\/derechosinfronteras.pe\/ingles\/wp-json\/wp\/v2\/users\/1"}],"replies":[{"embeddable":true,"href":"https:\/\/derechosinfronteras.pe\/ingles\/wp-json\/wp\/v2\/comments?post=3908"}],"version-history":[{"count":0,"href":"https:\/\/derechosinfronteras.pe\/ingles\/wp-json\/wp\/v2\/posts\/3908\/revisions"}],"wp:featuredmedia":[{"embeddable":true,"href":"https:\/\/derechosinfronteras.pe\/ingles\/wp-json\/wp\/v2\/media\/3909"}],"wp:attachment":[{"href":"https:\/\/derechosinfronteras.pe\/ingles\/wp-json\/wp\/v2\/media?parent=3908"}],"wp:term":[{"taxonomy":"category","embeddable":true,"href":"https:\/\/derechosinfronteras.pe\/ingles\/wp-json\/wp\/v2\/categories?post=3908"},{"taxonomy":"post_tag","embeddable":true,"href":"https:\/\/derechosinfronteras.pe\/ingles\/wp-json\/wp\/v2\/tags?post=3908"}],"curies":[{"name":"wp","href":"https:\/\/api.w.org\/{rel}","templated":true}]}}