{"id":3912,"date":"2020-07-03T11:11:57","date_gmt":"2020-07-03T16:11:57","guid":{"rendered":"http:\/\/derechosinfronteras.pe\/?p=6230"},"modified":"2023-12-28T20:35:17","modified_gmt":"2023-12-29T01:35:17","slug":"declararan-en-emergencia-a-siete-distritos-de-cusco-por-peligro-inminente-ante-bajas-temperaturas","status":"publish","type":"post","link":"https:\/\/derechosinfronteras.pe\/ingles\/declararan-en-emergencia-a-siete-distritos-de-cusco-por-peligro-inminente-ante-bajas-temperaturas\/","title":{"rendered":"Declararan en emergencia a siete distritos de Cusco por peligro inminente ante bajas temperaturas"},"content":{"rendered":"<p>Redacci\u00f3n DHSF<\/p>\n<p>El Gobierno declar\u00f3 el estado de emergencia en siete distritos de las provincias de Canchis, Chumbivilcas y Espinar, regi\u00f3n Cusco, por peligro inminente ante bajas temperaturas.<\/p>\n<p>As\u00ed lo dispone el Decreto Supremo N\u00b0 120-2020-PCM, publicado ayer en el bolet\u00edn de Normas Legales del Diario Oficial El Peruano, el cual incluye en total a 101 distritos de algunas provincias de las regiones de Apur\u00edmac, Arequipa, Ayacucho, Huancavelica, Moquegua, Cusco, Puno y Tacna. En el caso de Cusco, los distritos en emergencia son Sicuani, Santo Tom\u00e1s, Condoroma, Espinar, Ocoruro, Pallpata y Suyckutambo.<\/p>\n<p>Esta medida se adopta por un plazo de 60 d\u00edas para la ejecuci\u00f3n de medidas y acciones de excepci\u00f3n, inmediatas y necesarias de reducci\u00f3n del muy alto riesgo existente, as\u00ed como de respuesta y rehabilitaci\u00f3n en caso amerite.<\/p>\n<p>La norma tambi\u00e9n indica que los gobiernos regionales de Apur\u00edmac, Arequipa, Ayacucho, Cusco, Huancavelica, Moquegua, Puno y Tacna, los gobiernos locales comprendidos, con la coordinaci\u00f3n t\u00e9cnica y seguimiento del Instituto Nacional de Defensa Civil (INDECI) y la participaci\u00f3n de los ministerios de Salud, Educaci\u00f3n, Agricultura y Riego, Desarrollo e Inclusi\u00f3n Social, Transportes y Comunicaciones, Interior y Defensa, y dem\u00e1s instituciones p\u00fablicas y privadas involucradas; ejecutar\u00e1n las medidas y acciones de excepci\u00f3n, inmediatas y necesarias, as\u00ed como de respuesta y rehabilitaci\u00f3n en caso corresponda.<\/p>\n<p>Esta disposici\u00f3n se sustenta en el informe situacional presentado por el INDECI, el cual se\u00f1ala que las acciones que se vienen adoptando son insuficientes y la capacidad de respuesta de los gobiernos regionales de Apur\u00edmac, Arequipa, Ayacucho, Cusco, Huancavelica, Moquegua, Puno y Tacna, ha sido sobrepasada; por lo que recomienda se declare el estado de emergencia. Adem\u00e1s, se tom\u00f3 en cuenta el informe t\u00e9cnico del Servicio Nacional de Meteorolog\u00eda e Hidrolog\u00eda del Per\u00fa (Senamhi) sobre escenario de riesgos por bajas temperaturas para el periodo julio-setiembre 2020.<\/p>\n<p>Finalmente, el decreto se\u00f1ala que las acciones previstas ser\u00e1n financiadas con cargo al presupuesto institucional de las entidades involucradas.<\/p>\n<figure id=\"attachment_6231\" aria-describedby=\"caption-attachment-6231\" style=\"width: 420px\" class=\"wp-caption alignnone\"><img fetchpriority=\"high\" decoding=\"async\" class=\"size-full wp-image-6231\" src=\"http:\/\/derechosinfronteras.pe\/wp-content\/uploads\/2020\/07\/distritosdeclaradosenemergencia.jpg\" alt=\"\" width=\"420\" height=\"152\" \/><figcaption id=\"caption-attachment-6231\" class=\"wp-caption-text\">Fotos: distritos declarados en emergencia en Cusco<\/figcaption><\/figure>","protected":false},"excerpt":{"rendered":"<p>Redacci\u00f3n DHSF El Gobierno declar\u00f3 el estado de emergencia en siete distritos de las provincias de Canchis, Chumbivilcas y Espinar, regi\u00f3n Cusco, por peligro inminente ante bajas temperaturas. As\u00ed lo dispone el Decreto Supremo N\u00b0 120-2020-PCM, publicado ayer en el bolet\u00edn de Normas Legales del Diario Oficial El Peruano, el cual incluye en total a [&hellip;]<\/p>\n","protected":false},"author":1,"featured_media":3913,"comment_status":"open","ping_status":"open","sticky":false,"template":"","format":"standard","meta":{"_monsterinsights_skip_tracking":false,"_monsterinsights_sitenote_active":false,"_monsterinsights_sitenote_note":"","_monsterinsights_sitenote_category":0,"_jetpack_memberships_contains_paid_content":false,"footnotes":"","jetpack_publicize_message":"","jetpack_publicize_feature_enabled":true,"jetpack_social_post_already_shared":false,"jetpack_social_options":{"image_generator_settings":{"template":"highway","default_image_id":0,"font":"","enabled":false},"version":2}},"categories":[1],"tags":[],"class_list":["post-3912","post","type-post","status-publish","format-standard","has-post-thumbnail","hentry","category-sin-categoria"],"blocksy_meta":[],"jetpack_publicize_connections":[],"jetpack_featured_media_url":"https:\/\/derechosinfronteras.pe\/wp-content\/uploads\/2020\/07\/NOTA-ESTADODEMERGENCIA.jpg","jetpack_sharing_enabled":true,"jetpack_likes_enabled":true,"_links":{"self":[{"href":"https:\/\/derechosinfronteras.pe\/ingles\/wp-json\/wp\/v2\/posts\/3912","targetHints":{"allow":["GET"]}}],"collection":[{"href":"https:\/\/derechosinfronteras.pe\/ingles\/wp-json\/wp\/v2\/posts"}],"about":[{"href":"https:\/\/derechosinfronteras.pe\/ingles\/wp-json\/wp\/v2\/types\/post"}],"author":[{"embeddable":true,"href":"https:\/\/derechosinfronteras.pe\/ingles\/wp-json\/wp\/v2\/users\/1"}],"replies":[{"embeddable":true,"href":"https:\/\/derechosinfronteras.pe\/ingles\/wp-json\/wp\/v2\/comments?post=3912"}],"version-history":[{"count":1,"href":"https:\/\/derechosinfronteras.pe\/ingles\/wp-json\/wp\/v2\/posts\/3912\/revisions"}],"predecessor-version":[{"id":7042,"href":"https:\/\/derechosinfronteras.pe\/ingles\/wp-json\/wp\/v2\/posts\/3912\/revisions\/7042"}],"wp:featuredmedia":[{"embeddable":true,"href":"https:\/\/derechosinfronteras.pe\/ingles\/wp-json\/wp\/v2\/media\/3913"}],"wp:attachment":[{"href":"https:\/\/derechosinfronteras.pe\/ingles\/wp-json\/wp\/v2\/media?parent=3912"}],"wp:term":[{"taxonomy":"category","embeddable":true,"href":"https:\/\/derechosinfronteras.pe\/ingles\/wp-json\/wp\/v2\/categories?post=3912"},{"taxonomy":"post_tag","embeddable":true,"href":"https:\/\/derechosinfronteras.pe\/ingles\/wp-json\/wp\/v2\/tags?post=3912"}],"curies":[{"name":"wp","href":"https:\/\/api.w.org\/{rel}","templated":true}]}}