{"id":3915,"date":"2020-07-02T10:58:13","date_gmt":"2020-07-02T15:58:13","guid":{"rendered":"http:\/\/derechosinfronteras.pe\/?p=6218"},"modified":"2020-07-02T10:58:13","modified_gmt":"2020-07-02T15:58:13","slug":"que-frio-senamhi-alerta-descenso-de-la-temperatura-hasta-18-grados-bajo-cero-en-provincias-de-cusco","status":"publish","type":"post","link":"https:\/\/derechosinfronteras.pe\/ingles\/que-frio-senamhi-alerta-descenso-de-la-temperatura-hasta-18-grados-bajo-cero-en-provincias-de-cusco\/","title":{"rendered":"\u00a1Qu\u00e9 fr\u00edo!: Senamhi alerta descenso de la temperatura hasta 18 grados bajo cero en provincias de Cusco"},"content":{"rendered":"<p>Redacci\u00f3n DHSF<\/p>\n<p>El Servicio Nacional de Meteorolog\u00eda e Hidrolog\u00eda del Per\u00fa (Senamhi) alert\u00f3 que, desde la noche de hoy jueves hasta la madrugada del domingo 5 de julio, descender\u00e1 la temperatura nocturna en la sierra centro y sur del pa\u00eds.<\/p>\n<p>Este aviso meteorol\u00f3gico incluye a nuestra regi\u00f3n Cusco, espec\u00edficamente a las provincias de Acomayo, Canas, Canchis, Chumbivilcas, Espinar, Paruro y Quispicanqui.<\/p>\n<p>El Senamhi, en la sierra central, prev\u00e9 temperaturas pr\u00f3ximas a 7 grados bajo cero en localidades por encima de los 3,800 metros sobre el nivel del mar; mientras que, la sierra sur alcanzar\u00e1 valores cercanos a 18 grados bajo cero en zonas sobre los 4,000 metros sobre el nivel del mar.<\/p>\n<p>Durante la vigencia del aviso, se espera la formaci\u00f3n de escarcha, incremento de viento con r\u00e1fagas de viento superiores a 35 km por hora en la sierra centro y de 35 kil\u00f3metros por hora en el sur durante horas de la tarde. Tambi\u00e9n se espera cielo despejado e incremento de la temperatura diurna.<\/p>\n<p>Adem\u00e1s de la regi\u00f3n Cusco, el Senamhi alert\u00f3 a m\u00e1s de 70 provincias de las regiones de Apur\u00edmac, Arequipa, Ayacucho, Huancavelica, Ica, Jun\u00edn, Lima, Moquegua, Pasco, Puno y Tacna.<\/p>\n<p>Por su parte, el Centro de Operaciones de Emergencia Regional Cusco (COER) recomend\u00f3 a la poblaci\u00f3n de las 7 provincias de Cusco tomar las medidas necesarias ante el descenso de la temperatura.<\/p>\n<p>\u201cEs necesario usar ropa de abrigo como chompas, guantes, gorro y proteger a ni\u00f1os y ancianos. En caso de presentarse alguna infecci\u00f3n respiratoria, se debe evacuar inmediatamente hacia el centro de salud m\u00e1s cercano. Se sugiere adem\u00e1s consumir bebidas calientes, frutas, vegetales frescos, az\u00facar, dulces y grasas para incrementar la capacidad de resistencia al fr\u00edo y almacenar en un lugar seguro los alimentos y agua potable\u201d, recomend\u00f3 el COER.<\/p>\n<figure id=\"attachment_6219\" aria-describedby=\"caption-attachment-6219\" style=\"width: 920px\" class=\"wp-caption alignnone\"><img fetchpriority=\"high\" decoding=\"async\" class=\"size-full wp-image-6219\" src=\"http:\/\/derechosinfronteras.pe\/wp-content\/uploads\/2020\/07\/Eby3VVUWAAEigkv.jpg\" alt=\"\" width=\"920\" height=\"920\" \/><figcaption id=\"caption-attachment-6219\" class=\"wp-caption-text\">Foto: Senamhi<\/figcaption><\/figure>","protected":false},"excerpt":{"rendered":"<p>Redacci\u00f3n DHSF El Servicio Nacional de Meteorolog\u00eda e Hidrolog\u00eda del Per\u00fa (Senamhi) alert\u00f3 que, desde la noche de hoy jueves hasta la madrugada del domingo 5 de julio, descender\u00e1 la temperatura nocturna en la sierra centro y sur del pa\u00eds. Este aviso meteorol\u00f3gico incluye a nuestra regi\u00f3n Cusco, espec\u00edficamente a las provincias de Acomayo, Canas, [&hellip;]<\/p>\n","protected":false},"author":1,"featured_media":3916,"comment_status":"open","ping_status":"open","sticky":false,"template":"","format":"standard","meta":{"_monsterinsights_skip_tracking":false,"_monsterinsights_sitenote_active":false,"_monsterinsights_sitenote_note":"","_monsterinsights_sitenote_category":0,"_jetpack_memberships_contains_paid_content":false,"footnotes":"","jetpack_publicize_message":"","jetpack_publicize_feature_enabled":true,"jetpack_social_post_already_shared":false,"jetpack_social_options":{"image_generator_settings":{"template":"highway","default_image_id":0,"font":"","enabled":false},"version":2}},"categories":[1],"tags":[],"class_list":["post-3915","post","type-post","status-publish","format-standard","has-post-thumbnail","hentry","category-sin-categoria"],"blocksy_meta":[],"jetpack_publicize_connections":[],"jetpack_featured_media_url":"https:\/\/derechosinfronteras.pe\/wp-content\/uploads\/2020\/07\/NOTA-SENAMHI.jpg","jetpack_sharing_enabled":true,"jetpack_likes_enabled":true,"_links":{"self":[{"href":"https:\/\/derechosinfronteras.pe\/ingles\/wp-json\/wp\/v2\/posts\/3915","targetHints":{"allow":["GET"]}}],"collection":[{"href":"https:\/\/derechosinfronteras.pe\/ingles\/wp-json\/wp\/v2\/posts"}],"about":[{"href":"https:\/\/derechosinfronteras.pe\/ingles\/wp-json\/wp\/v2\/types\/post"}],"author":[{"embeddable":true,"href":"https:\/\/derechosinfronteras.pe\/ingles\/wp-json\/wp\/v2\/users\/1"}],"replies":[{"embeddable":true,"href":"https:\/\/derechosinfronteras.pe\/ingles\/wp-json\/wp\/v2\/comments?post=3915"}],"version-history":[{"count":0,"href":"https:\/\/derechosinfronteras.pe\/ingles\/wp-json\/wp\/v2\/posts\/3915\/revisions"}],"wp:featuredmedia":[{"embeddable":true,"href":"https:\/\/derechosinfronteras.pe\/ingles\/wp-json\/wp\/v2\/media\/3916"}],"wp:attachment":[{"href":"https:\/\/derechosinfronteras.pe\/ingles\/wp-json\/wp\/v2\/media?parent=3915"}],"wp:term":[{"taxonomy":"category","embeddable":true,"href":"https:\/\/derechosinfronteras.pe\/ingles\/wp-json\/wp\/v2\/categories?post=3915"},{"taxonomy":"post_tag","embeddable":true,"href":"https:\/\/derechosinfronteras.pe\/ingles\/wp-json\/wp\/v2\/tags?post=3915"}],"curies":[{"name":"wp","href":"https:\/\/api.w.org\/{rel}","templated":true}]}}