{"id":3918,"date":"2020-07-02T09:52:20","date_gmt":"2020-07-02T14:52:20","guid":{"rendered":"http:\/\/derechosinfronteras.pe\/?p=6211"},"modified":"2020-07-02T09:52:20","modified_gmt":"2020-07-02T14:52:20","slug":"muere-lider-awajun-santiago-manuin-a-causa-del-covid-19","status":"publish","type":"post","link":"https:\/\/derechosinfronteras.pe\/ingles\/muere-lider-awajun-santiago-manuin-a-causa-del-covid-19\/","title":{"rendered":"Muere l\u00edder awaj\u00fan Santiago Manuin a causa del COVID-19"},"content":{"rendered":"<p>Redacci\u00f3n DHSF<\/p>\n<p>El COVID-19 sigue arrebantado la vida de miles de peruanos y peruanas. Ayer el l\u00edder awaj\u00fan Santiago Manuin Valera, de 63 a\u00f1os, se convirti\u00f3 en una v\u00edctima m\u00e1s de este mortal virus, por lo que diversos sectores de la sociedad expresaron sus condolencias y recordaron su trabajo en defensa de la Amazon\u00eda.<\/p>\n<p>Fue jefe de los apus de las cinco cuencas de Santa Mar\u00eda de Nieva (Amazonas). Durante el conflicto ambiental, conocido como Baguazo, estaba al frente del Comit\u00e9 de Lucha Provincial de Condorcanqui. En ese contexto, el 5 de junio del a\u00f1o 2009, mientras la poblaci\u00f3n ind\u00edgena protestaba pac\u00edficamente, recibi\u00f3 8 balazos de la polic\u00eda en la llamada Curva del Diablo cuando trataba de detener pac\u00edficamente la represi\u00f3n policial. Ese d\u00eda murieron 33 personas (23 polic\u00edas y 10 nativos).<\/p>\n<p>Desde entonces, enfrent\u00f3 una dura batalla legal que dur\u00f3 m\u00e1s de 7 a\u00f1os tras ser acusado de haber instigado las protestas en contra del paquete de decretos que atentaban contra los derechos territoriales de las comunidades ind\u00edgenas, pero el 22 de setiembre de 2016 fue absuelto junto a sus dem\u00e1s compa\u00f1eros tambi\u00e9n procesados.<\/p>\n<p>Dedic\u00f3 toda su vida en defensa de la Amazon\u00eda y derechos humanos. Este activismo le llev\u00f3 a recibir el premio Reina Sof\u00eda de Espa\u00f1a en 1994. Luego, en el 2014, la Coordinadora Nacional de Derechos Humanos le entreg\u00f3 el Premio Nacional de Derechos Humanos \u201c\u00c1ngel Escobar Jurado\u201d en m\u00e9rito a su labor en la protecci\u00f3n de los derechos del pueblo Awaj\u00fan. Al recibir este \u00faltimo reconocimiento, el 10 de diciembre de 2014, Santiago Manuin manifest\u00f3 que no se arrepent\u00eda por el paro pac\u00edfico organizado el a\u00f1o 2009.<\/p>\n<p>\u201cCon premio o sin \u00e9l sigo siendo Santiago Manuin y mi vida sigue al servicio de mi pueblo\u201d, dijo durante su discurso.<\/p>\n<p>Derechos Humanos Sin Fronteras env\u00eda condolencias a la familia por la p\u00e9rdida de nuestro compa\u00f1ero Santiago Manuin Valera, quien muri\u00f3 en el hospital Luis Heysen Inch\u00e1ustegui de Chiclayo, regi\u00f3n Lambayeque. Su salud se complic\u00f3 debido a que, adem\u00e1s del coronavirus, padec\u00eda de diabetes.<\/p>","protected":false},"excerpt":{"rendered":"<p>Redacci\u00f3n DHSF El COVID-19 sigue arrebantado la vida de miles de peruanos y peruanas. Ayer el l\u00edder awaj\u00fan Santiago Manuin Valera, de 63 a\u00f1os, se convirti\u00f3 en una v\u00edctima m\u00e1s de este mortal virus, por lo que diversos sectores de la sociedad expresaron sus condolencias y recordaron su trabajo en defensa de la Amazon\u00eda. Fue [&hellip;]<\/p>\n","protected":false},"author":1,"featured_media":3919,"comment_status":"open","ping_status":"open","sticky":false,"template":"","format":"standard","meta":{"_monsterinsights_skip_tracking":false,"_monsterinsights_sitenote_active":false,"_monsterinsights_sitenote_note":"","_monsterinsights_sitenote_category":0,"_jetpack_memberships_contains_paid_content":false,"footnotes":"","jetpack_publicize_message":"","jetpack_publicize_feature_enabled":true,"jetpack_social_post_already_shared":false,"jetpack_social_options":{"image_generator_settings":{"template":"highway","default_image_id":0,"font":"","enabled":false},"version":2}},"categories":[1],"tags":[],"class_list":["post-3918","post","type-post","status-publish","format-standard","has-post-thumbnail","hentry","category-sin-categoria"],"blocksy_meta":[],"jetpack_publicize_connections":[],"jetpack_featured_media_url":"https:\/\/derechosinfronteras.pe\/wp-content\/uploads\/2020\/07\/foto-b.jpg","jetpack_sharing_enabled":true,"jetpack_likes_enabled":true,"_links":{"self":[{"href":"https:\/\/derechosinfronteras.pe\/ingles\/wp-json\/wp\/v2\/posts\/3918","targetHints":{"allow":["GET"]}}],"collection":[{"href":"https:\/\/derechosinfronteras.pe\/ingles\/wp-json\/wp\/v2\/posts"}],"about":[{"href":"https:\/\/derechosinfronteras.pe\/ingles\/wp-json\/wp\/v2\/types\/post"}],"author":[{"embeddable":true,"href":"https:\/\/derechosinfronteras.pe\/ingles\/wp-json\/wp\/v2\/users\/1"}],"replies":[{"embeddable":true,"href":"https:\/\/derechosinfronteras.pe\/ingles\/wp-json\/wp\/v2\/comments?post=3918"}],"version-history":[{"count":0,"href":"https:\/\/derechosinfronteras.pe\/ingles\/wp-json\/wp\/v2\/posts\/3918\/revisions"}],"wp:featuredmedia":[{"embeddable":true,"href":"https:\/\/derechosinfronteras.pe\/ingles\/wp-json\/wp\/v2\/media\/3919"}],"wp:attachment":[{"href":"https:\/\/derechosinfronteras.pe\/ingles\/wp-json\/wp\/v2\/media?parent=3918"}],"wp:term":[{"taxonomy":"category","embeddable":true,"href":"https:\/\/derechosinfronteras.pe\/ingles\/wp-json\/wp\/v2\/categories?post=3918"},{"taxonomy":"post_tag","embeddable":true,"href":"https:\/\/derechosinfronteras.pe\/ingles\/wp-json\/wp\/v2\/tags?post=3918"}],"curies":[{"name":"wp","href":"https:\/\/api.w.org\/{rel}","templated":true}]}}